{"id":64450,"date":"2024-01-21T10:59:00","date_gmt":"2024-01-21T16:59:00","guid":{"rendered":"http:\/\/www.zonaroja.com.mx\/?p=64450"},"modified":"2024-01-21T14:25:49","modified_gmt":"2024-01-21T20:25:49","slug":"violencia-imparable-matan-a-seis-en-sonora-y-a-4-en-guerrero","status":"publish","type":"post","link":"https:\/\/zonaroja.com.mx\/?p=64450","title":{"rendered":"Violencia imparable; matan a seis en Sonora y a 5 en Guerrero"},"content":{"rendered":"\n<p>Redacci\u00f3n\/Zona Roja Cdmx.<\/p>\n\n\n\n<p>Ciudad de M\u00e9xico, a 21 de enero de 2024.- Al menos seis presuntos criminales fueron abatidos en Sonora, durante un enfrentamiento entre polic\u00edas con grupos de la delincuencia organizada.<\/p>\n\n\n\n<p>De acuerdo con informaci\u00f3n del diario \u201cLa Jornada\u201d, la refriega ocurri\u00f3 ayer por la tarde en el tramo carretero de Hermosillo a la Bah\u00eda de Kino, donde adem\u00e1s dos uniformados resultaron lesionados.<\/p>\n\n\n\n<p>No obstante, seg\u00fan informaci\u00f3n publicada por el peri\u00f3dico \u201cExc\u00e9lsior\u201d, ser\u00edan al menos 12 delincuentes abatidos y cinco polic\u00edas lesionados.<\/p>\n\n\n\n<p>El enfrentamiento inici\u00f3 en Hermosillo y continu\u00f3 con una persecuci\u00f3n polic\u00edaca contra los pistoleros hacia la zona poniente, rumbo a la carretera costera.<\/p>\n\n\n\n<p>En los videos compartidos en redes sociales, decenas de pasajeros a bordo de un cami\u00f3n entran en p\u00e1nico al presenciar la cantidad de camionetas con hombres armados que disparaban sin parar.<\/p>\n\n\n\n<p>La Fiscal\u00eda General de Justicia del Estado (FGJE) dio a conocer que dos de sus elementos fueron trasladados al Hospital General de Especialidades de Hermosillo, y que contabilizaron seis civiles armados sin vida.<\/p>\n\n\n\n<p>De igual forma precis\u00f3 que en el sitio aseguraron seis camionetas, m\u00faltiples fusiles de asalto, Barret calibre 50 y cargadores de caja con capacidad para 200 cartuchos \u00fatiles. En la zona, dijo, se mantiene un fuerte operativo para salvaguardar el lugar del enfrentamiento, detalla \u201cLa Jornada\u201d.<\/p>\n\n\n\n<p>CUATRO SECUESTRADOS<\/p>\n\n\n\n<p>Tambi\u00e9n de acuerdo con Indormaci\u00f3n de dicho diario, un comando secuestr\u00f3 a cuatro ind\u00edgenas en un sitio conocido como Zacatepec, luego de irrumpir en la comunidad nahua de Ayahualtempa, municipio de Jos\u00e9 Joaqu\u00edn de Herrera, en la Monta\u00f1a Baja de Guerrero, inform\u00f3 Antonio Toribio Gaspar, comandante de la Polic\u00eda Comunitaria de la Coordinadora Regional de Autoridades Comunitarias de los Pueblos Fundadores (CRAC-PF).<\/p>\n\n\n\n<p>En entrevista con \u201cLa Jornada\u201d, explic\u00f3 que Cecilia Gaspar Hern\u00e1ndez, de 50 a\u00f1os; su esposo Jos\u00e9 Teodoro Domingo Ortiz, de 52; y sus hijos Roberto y Gaudencio, de 30 y 22 a\u00f1os, respectivamente, \u201cfueron levantadas entre las 6 y 7 de la ma\u00f1ana del viernes, cuando se dirig\u00edan a pastorear su ganado. Al parecer ya los esperaban\u201d.<\/p>\n\n\n\n<p>EN GUERRERO<\/p>\n\n\n\n<p>En el estado de Guerrero, cuatro y hombres y una mujer fueron asesinados a balazos en distintos hechos entre la noche del viernes y la madrugada de este s\u00e1bado en el puerto de Acapulco.<\/p>\n\n\n\n<p>Seg\u00fan datos del sitio L\u00f3pez-D\u00f3riga Digital, la noche del viernes un taxista fue asesinado a balazos en la calle Rastro de la colonia Hogar Moderno, cuyo cuerpo qued\u00f3 dentro del veh\u00edculo.<\/p>\n\n\n\n<p>Casi de manera simult\u00e1nea, otro hombre fue asesinado a dos cuadras de la misma zona, en la calle Plan de Ayala esquina con calle 18 de Marzo.<\/p>\n\n\n\n<p>En la colonia Centro de Acapulco otro hombre fue asesinado en la Plaza de la Tecnolog\u00eda, que se encuentra ubicada en la avenida Cuauht\u00e9moc.<\/p>\n\n\n\n<p>La madrugada de este s\u00e1bado, otro taxista fue asesinado a balazos dentro de un taxi azul, sobre la calle 16 de Septiembre en la colonia Carabal\u00ed, cerca de la glorieta Aguas Blancas.<\/p>\n","protected":false},"excerpt":{"rendered":"<p>Redacci\u00f3n\/Zona Roja Cdmx. Ciudad de M\u00e9xico, a 21 de enero de 2024.- Al menos seis&hellip;<\/p>\n","protected":false},"author":2,"featured_media":44175,"comment_status":"closed","ping_status":"open","sticky":false,"template":"","format":"standard","meta":{"_lmt_disableupdate":"","_lmt_disable":"","_jetpack_memberships_contains_paid_content":false,"footnotes":""},"categories":[109,51],"tags":[1746],"class_list":["post-64450","post","type-post","status-publish","format-standard","has-post-thumbnail","hentry","category-minuto-a-minuto","category-zona-roja","tag-violencia-en-mexico"],"jetpack_featured_media_url":"https:\/\/zonaroja.com.mx\/wp-content\/uploads\/2022\/08\/Asesinato-homicidio-escena-crimen.jpg","jetpack_sharing_enabled":true,"_links":{"self":[{"href":"https:\/\/zonaroja.com.mx\/index.php?rest_route=\/wp\/v2\/posts\/64450","targetHints":{"allow":["GET"]}}],"collection":[{"href":"https:\/\/zonaroja.com.mx\/index.php?rest_route=\/wp\/v2\/posts"}],"about":[{"href":"https:\/\/zonaroja.com.mx\/index.php?rest_route=\/wp\/v2\/types\/post"}],"author":[{"embeddable":true,"href":"https:\/\/zonaroja.com.mx\/index.php?rest_route=\/wp\/v2\/users\/2"}],"replies":[{"embeddable":true,"href":"https:\/\/zonaroja.com.mx\/index.php?rest_route=%2Fwp%2Fv2%2Fcomments&post=64450"}],"version-history":[{"count":2,"href":"https:\/\/zonaroja.com.mx\/index.php?rest_route=\/wp\/v2\/posts\/64450\/revisions"}],"predecessor-version":[{"id":64452,"href":"https:\/\/zonaroja.com.mx\/index.php?rest_route=\/wp\/v2\/posts\/64450\/revisions\/64452"}],"wp:featuredmedia":[{"embeddable":true,"href":"https:\/\/zonaroja.com.mx\/index.php?rest_route=\/wp\/v2\/media\/44175"}],"wp:attachment":[{"href":"https:\/\/zonaroja.com.mx\/index.php?rest_route=%2Fwp%2Fv2%2Fmedia&parent=64450"}],"wp:term":[{"taxonomy":"category","embeddable":true,"href":"https:\/\/zonaroja.com.mx\/index.php?rest_route=%2Fwp%2Fv2%2Fcategories&post=64450"},{"taxonomy":"post_tag","embeddable":true,"href":"https:\/\/zonaroja.com.mx\/index.php?rest_route=%2Fwp%2Fv2%2Ftags&post=64450"}],"curies":[{"name":"wp","href":"https:\/\/api.w.org\/{rel}","templated":true}]}}