{"id":64453,"date":"2024-01-21T17:15:55","date_gmt":"2024-01-21T23:15:55","guid":{"rendered":"http:\/\/www.zonaroja.com.mx\/?p=64453"},"modified":"2024-01-21T17:15:56","modified_gmt":"2024-01-21T23:15:56","slug":"opinion-violencia-vicaria-el-caso-marini-y-la-escala-internacional","status":"publish","type":"post","link":"https:\/\/zonaroja.com.mx\/?p=64453","title":{"rendered":"Opini\u00f3n. Violencia vicaria: el caso Marini y la escala internacional"},"content":{"rendered":"\n<p>Soledad Jarqu\u00edn Edgar*\/SemM\u00e9xico<\/p>\n\n\n\n<p>Las encuestas oficiales no la reflejan a\u00fan. Un dato obtenido en la p\u00e1gina del Frente Nacional Contra la Violencia Vicaria se\u00f1ala que entre 2021 y 2022 esta violencia cruel tuvo un incremento de casi 170 por ciento. \u00bfCu\u00e1l es el pron\u00f3stico para el 2023? S\u00ed, estamos de acuerdo, seguramente se ha multiplicado.<\/p>\n\n\n\n<p>A pesar de ello, este 16 de enero la C\u00e1mara de Diputados federal dio un paso m\u00e1s, al fortalecer el marco normativo para prevenir y sancionar eficazmente la violencia vicaria, al reformar y adicionar diversas disposiciones de la Ley General de Acceso de las Mujeres a una Vida Libre de Violencia y de los c\u00f3digos Civil Federal y el Penal Federal, en materia de violencia a trav\u00e9s de interp\u00f3sita persona o violencia vicaria.<\/p>\n\n\n\n<p>La violencia vicaria son todas aquellas acciones o agresiones, violencia que un hombre ejerce contra una mujer, utilizando a sus hijas e hijos para da\u00f1arla: amenazas, retenci\u00f3n o sustracci\u00f3n; utilizar a hijas y\/o hijos para obtener informaci\u00f3n respecto de la madre, promover, incitar o fomentar actos de violencia f\u00edsica de hijas y\/o hijos en contra de la madre, as\u00ed como incitar o fomentar actos de violencia psicol\u00f3gica que descalifiquen la figura materna afectando el v\u00ednculo materno filial.<\/p>\n\n\n\n<p>Adem\u00e1s, ocultar, retener o sustraer a hijas y\/o hijos, adem\u00e1s de familiares o personas allegadas, \u201cinterponer acciones legales con base en hechos falsos o inexistentes, en contra de las mujeres para obtener la guarda y custodia, cuidados y atenciones o p\u00e9rdida de la patria potestad de las hijas y\/o hijos en com\u00fan\u201d, y condicionar el cumplimiento de las obligaciones alimentarias a las mujeres y a sus hijas e hijos.<\/p>\n\n\n\n<p>En los \u00faltimos a\u00f1os he conocido algunos de muchos casos de violencia vicaria, donde est\u00e1 claro, hay \u201ccomplicidad\u201d de algunos abogados y abogadas, as\u00ed como de juezas y jueces dispuestos a torcer la ley, aunque el gremio de los (des)impartidores de justicia le llamen: interpretaciones de la ley. Lo que ya sabemos: la ley es ajustable a la oferta y la demanda. Por fortuna todav\u00eda hay buenos, eficientes y honestos profesionales del derecho, as\u00ed como servidores p\u00fablicos, aunque a la mayor\u00eda se les olvide ese principio.<\/p>\n\n\n\n<p>Uno de esos casos que en Oaxaca empieza a tener notoriedad es el de Elena Marini, fot\u00f3grafa italiana, contra quien se interpusieron \u201cacciones legales con base en hechos falsos o inexistentes\u2026 para obtener la guarda y custodia, cuidados y atenciones o p\u00e9rdida de la patria potestad de las hijas y\/o hijos en com\u00fan\u201d, tal y como dice la ley federal<\/p>\n\n\n\n<p>Marini, de buena fe, permiti\u00f3 la convivencia de la ni\u00f1a con quien llamaremos \u201cpadre biol\u00f3gico\u201d, porque no reconoci\u00f3 a su hija, incluso puso en duda la paternidad durante la gestaci\u00f3n. Y fue ese \u201cpadre biol\u00f3gico\u201d, alejado de la manutenci\u00f3n y educaci\u00f3n de la ni\u00f1a, hoy de 10 a\u00f1os de edad, quien hace casi seis meses interpuso una denuncia por violencia de la madre contra la ni\u00f1a, su objetivo\u2026 hacer da\u00f1o a la madre y de paso quitarle a la ni\u00f1a.<\/p>\n\n\n\n<p>Solo que le fall\u00f3 el c\u00e1lculo. Porque la ni\u00f1a est\u00e1 por cumplir seis meses en un albergue del DIF en la ciudad de Oaxaca, porque una Ministerio P\u00fablico dict\u00f3 medidas de protecci\u00f3n a favor de la ni\u00f1a, el \u201cEstado\u201d se hizo responsable de ella. El inter\u00e9s superior de la infancia, que hoy se ha convertido en el peor enemigo de la menor, quien, dentro del albergue ha sufrido adem\u00e1s de los da\u00f1os sicol\u00f3gicos y emocionales que le implican no estar con su mam\u00e1, agresiones f\u00edsicas de compa\u00f1eras y un hecho m\u00e1s grave a\u00fan que me reservo.<\/p>\n\n\n\n<p>Pese a que no se acredit\u00f3 la supuesta agresi\u00f3n, como lo estableci\u00f3 un examen m\u00e9dico realizado a la menor el d\u00eda en que empez\u00f3 todo en agosto pasado, Marini fue llevada a las instalaciones de la Secretar\u00eda de Seguridad y Protecci\u00f3n Ciudadana, donde una agente de polic\u00eda la amenaz\u00f3 y le advirti\u00f3 que deb\u00eda darle la \u201ccustodia\u201d de la ni\u00f1a al padre biol\u00f3gico o iba a quedar detenida. Hecho al que no prest\u00f3 mayor atenci\u00f3n, considerando que ella sab\u00eda que no hab\u00eda agredido a la menor y considerando que ella misma hab\u00eda llamado al 911 luego de que su hija rompiera un vidrio, lo que pon\u00eda en riesgo su integridad. Llegaron dos patrullas. La primera dijo que en realidad no suced\u00eda nada y la segunda, luego de hablar con el padre biol\u00f3gico que ya se encontraba en el lugar, las subi\u00f3 a la patrulla y se las llev\u00f3.<\/p>\n\n\n\n<p>Hoy la ni\u00f1a tiene m\u00e1s de 150 d\u00edas \u201cretenida\u201d en un lugar donde no se garantiza su \u201cdesarrollo integral y una vida digna\u201d como plantea el principio \u201cdel inter\u00e9s superior del ni\u00f1o o ni\u00f1a\u201d, el mismo periodo de tiempo que ha servido al padre biol\u00f3gico para emprender acciones de reconocimiento de paternidad y lo que pueda hacer m\u00e1s adelante, como la custodia legal, as\u00ed como la prohibici\u00f3n de la madre para que la menor pueda salir del pa\u00eds, para lo cual le retiraron su pasaporte. \u00a1Imag\u00ednese! &nbsp;Adem\u00e1s de la supuesta agresi\u00f3n, en estos meses el padre biol\u00f3gico ha interpuesto siete, s\u00ed siete demandas en contra de Elena Marini. Justo, se llama violencia vicaria.<\/p>\n\n\n\n<p>Violencia vicaria ejercida en contra de dos ciudadanas italianas \u2013madre e hija-. Mucho tendr\u00e1 que hacer en adelante el gobierno italiano que hoy, inexplicablemente, sigue al margen del problema. Un problema que sin duda, ya ata\u00f1e a la comunidad europea.<\/p>\n\n\n\n<ul class=\"wp-block-list\">\n<li>Periodista y feminista. Premio Nacional de Periodismo.<\/li>\n<\/ul>\n","protected":false},"excerpt":{"rendered":"<p>Soledad Jarqu\u00edn Edgar*\/SemM\u00e9xico Las encuestas oficiales no la reflejan a\u00fan. Un dato obtenido en la&hellip;<\/p>\n","protected":false},"author":2,"featured_media":52718,"comment_status":"closed","ping_status":"open","sticky":false,"template":"","format":"standard","meta":{"_lmt_disableupdate":"","_lmt_disable":"","_jetpack_memberships_contains_paid_content":false,"footnotes":""},"categories":[456,109],"tags":[1105],"class_list":["post-64453","post","type-post","status-publish","format-standard","has-post-thumbnail","hentry","category-columna","category-minuto-a-minuto","tag-soledad-jarquin-edgar"],"jetpack_featured_media_url":"https:\/\/zonaroja.com.mx\/wp-content\/uploads\/2023\/03\/Soledad-Jarquin-.jpeg","jetpack_sharing_enabled":true,"_links":{"self":[{"href":"https:\/\/zonaroja.com.mx\/index.php?rest_route=\/wp\/v2\/posts\/64453","targetHints":{"allow":["GET"]}}],"collection":[{"href":"https:\/\/zonaroja.com.mx\/index.php?rest_route=\/wp\/v2\/posts"}],"about":[{"href":"https:\/\/zonaroja.com.mx\/index.php?rest_route=\/wp\/v2\/types\/post"}],"author":[{"embeddable":true,"href":"https:\/\/zonaroja.com.mx\/index.php?rest_route=\/wp\/v2\/users\/2"}],"replies":[{"embeddable":true,"href":"https:\/\/zonaroja.com.mx\/index.php?rest_route=%2Fwp%2Fv2%2Fcomments&post=64453"}],"version-history":[{"count":1,"href":"https:\/\/zonaroja.com.mx\/index.php?rest_route=\/wp\/v2\/posts\/64453\/revisions"}],"predecessor-version":[{"id":64454,"href":"https:\/\/zonaroja.com.mx\/index.php?rest_route=\/wp\/v2\/posts\/64453\/revisions\/64454"}],"wp:featuredmedia":[{"embeddable":true,"href":"https:\/\/zonaroja.com.mx\/index.php?rest_route=\/wp\/v2\/media\/52718"}],"wp:attachment":[{"href":"https:\/\/zonaroja.com.mx\/index.php?rest_route=%2Fwp%2Fv2%2Fmedia&parent=64453"}],"wp:term":[{"taxonomy":"category","embeddable":true,"href":"https:\/\/zonaroja.com.mx\/index.php?rest_route=%2Fwp%2Fv2%2Fcategories&post=64453"},{"taxonomy":"post_tag","embeddable":true,"href":"https:\/\/zonaroja.com.mx\/index.php?rest_route=%2Fwp%2Fv2%2Ftags&post=64453"}],"curies":[{"name":"wp","href":"https:\/\/api.w.org\/{rel}","templated":true}]}}