{"id":64462,"date":"2024-01-21T18:41:22","date_gmt":"2024-01-22T00:41:22","guid":{"rendered":"http:\/\/www.zonaroja.com.mx\/?p=64462"},"modified":"2024-01-21T18:41:23","modified_gmt":"2024-01-22T00:41:23","slug":"vinculan-a-proceso-a-presunto-secuestrador-de-miahuatlan","status":"publish","type":"post","link":"https:\/\/zonaroja.com.mx\/?p=64462","title":{"rendered":"Vinculan a proceso a presunto secuestrador de Miahuatl\u00e1n"},"content":{"rendered":"\n<p>Redacci\u00f3n\/Zona Roja.&nbsp;<\/p>\n\n\n\n<p>Oaxaca de Ju\u00e1rez, Oax., a 21 de enero de 2024.- Gracias a los trabajos especializados en combate al secuestro, la Fiscal\u00eda General del Estado de Oaxaca (FGEO) obtuvo auto de vinculaci\u00f3n a proceso y logr\u00f3 prisi\u00f3n preventiva en contra de G. A. V.,&nbsp; por el delito de Secuestro, en agravio de una mujer.<\/p>\n\n\n\n<p>Los hechos ocurrieron el 31 de diciembre de 2023, cuando la v\u00edctima (cuya identidad se mantiene reservada) sali\u00f3 de su domicilio, localizado en la comunidad de Agua del Sol, perteneciente a Miahuatl\u00e1n de Porfirio D\u00edaz, pues se dirig\u00eda a Ejutla de Crespo para realizar compras.<\/p>\n\n\n\n<p>Durante el trayecto, la v\u00edctima perdi\u00f3 contacto con sus familiares, quienes posteriormente recibieron mensajes en los que exig\u00edan dinero en efectivo para dejar en libertad a la mujer, por lo que acudieron ante la FGEO para denunciar los hechos.<\/p>\n\n\n\n<p>Las investigaciones quedaron a cargo de la Unidad Especializada de Combate al Secuestro (UECS) de la Fiscal\u00eda Especializada para la Atenci\u00f3n a Delitos de Alto Impacto que, gracias a los trabajos de inteligencia presentaron las pruebas para obtener una orden de aprehensi\u00f3n.<\/p>\n\n\n\n<p>Elementos de la Agencia Estatal de Investigaciones (AEI) dieron con el paradero de G. A. V., quien fue detenido en cumplimiento al mandato judicial e inmediatamente despu\u00e9s fue presentado ante el Juez que lo requiri\u00f3, quien luego de evaluar el trabajo ministerial, dict\u00f3 auto de vinculaci\u00f3n a proceso en contra del imputado a quien impuso la medida cautelar de prisi\u00f3n preventiva y otorg\u00f3 cuatro meses para el cierre de la investigaci\u00f3n complementaria.<\/p>\n\n\n\n<p>En delitos de alto impacto, la denuncia es clave para la actuaci\u00f3n inmediata de la Fiscal\u00eda de Oaxaca que emplea t\u00e9cnica de investigaci\u00f3n especializadas y realiza trabajos de inteligencia para castigar la comisi\u00f3n de este tipo de il\u00edcitos con el objetivo que las v\u00edctimas tengan pleno acceso a la justicia.<\/p>\n","protected":false},"excerpt":{"rendered":"<p>Redacci\u00f3n\/Zona Roja.&nbsp; Oaxaca de Ju\u00e1rez, Oax., a 21 de enero de 2024.- Gracias a los&hellip;<\/p>\n","protected":false},"author":2,"featured_media":64459,"comment_status":"closed","ping_status":"open","sticky":false,"template":"","format":"standard","meta":{"_lmt_disableupdate":"","_lmt_disable":"","_jetpack_memberships_contains_paid_content":false,"footnotes":""},"categories":[109,46],"tags":[494],"class_list":["post-64462","post","type-post","status-publish","format-standard","has-post-thumbnail","hentry","category-minuto-a-minuto","category-zona-blanca","tag-fiscalia-general-del-estado-de-oaxaca"],"jetpack_featured_media_url":"https:\/\/zonaroja.com.mx\/wp-content\/uploads\/2024\/01\/Detenido-secuestro-Fiscalia.jpeg","jetpack_sharing_enabled":true,"_links":{"self":[{"href":"https:\/\/zonaroja.com.mx\/index.php?rest_route=\/wp\/v2\/posts\/64462","targetHints":{"allow":["GET"]}}],"collection":[{"href":"https:\/\/zonaroja.com.mx\/index.php?rest_route=\/wp\/v2\/posts"}],"about":[{"href":"https:\/\/zonaroja.com.mx\/index.php?rest_route=\/wp\/v2\/types\/post"}],"author":[{"embeddable":true,"href":"https:\/\/zonaroja.com.mx\/index.php?rest_route=\/wp\/v2\/users\/2"}],"replies":[{"embeddable":true,"href":"https:\/\/zonaroja.com.mx\/index.php?rest_route=%2Fwp%2Fv2%2Fcomments&post=64462"}],"version-history":[{"count":1,"href":"https:\/\/zonaroja.com.mx\/index.php?rest_route=\/wp\/v2\/posts\/64462\/revisions"}],"predecessor-version":[{"id":64463,"href":"https:\/\/zonaroja.com.mx\/index.php?rest_route=\/wp\/v2\/posts\/64462\/revisions\/64463"}],"wp:featuredmedia":[{"embeddable":true,"href":"https:\/\/zonaroja.com.mx\/index.php?rest_route=\/wp\/v2\/media\/64459"}],"wp:attachment":[{"href":"https:\/\/zonaroja.com.mx\/index.php?rest_route=%2Fwp%2Fv2%2Fmedia&parent=64462"}],"wp:term":[{"taxonomy":"category","embeddable":true,"href":"https:\/\/zonaroja.com.mx\/index.php?rest_route=%2Fwp%2Fv2%2Fcategories&post=64462"},{"taxonomy":"post_tag","embeddable":true,"href":"https:\/\/zonaroja.com.mx\/index.php?rest_route=%2Fwp%2Fv2%2Ftags&post=64462"}],"curies":[{"name":"wp","href":"https:\/\/api.w.org\/{rel}","templated":true}]}}