{"id":64471,"date":"2024-01-22T08:30:00","date_gmt":"2024-01-22T14:30:00","guid":{"rendered":"http:\/\/www.zonaroja.com.mx\/?p=64471"},"modified":"2024-01-22T07:06:14","modified_gmt":"2024-01-22T13:06:14","slug":"opinion-la-transparencia-en-oaxaca-tambien-en-la-ruta-obradorista","status":"publish","type":"post","link":"https:\/\/zonaroja.com.mx\/?p=64471","title":{"rendered":"Opini\u00f3n. \u00bfLa transparencia en Oaxaca tambi\u00e9n en la ruta obradorista?"},"content":{"rendered":"\n<p>Ismael Garc\u00eda M.\/Zona Roja.&nbsp;<\/p>\n\n\n\n<p>Oaxaca, Oax., a 22 de enero de 2024.- Cuna de la iniciativa por la transparencia en el pa\u00eds, ahora en Oaxaca la rendici\u00f3n de cuentas est\u00e1 desde\u00f1ada y, al parecer, sigue la ruta de la \u201ctransformaci\u00f3n\u201d dictada por L\u00f3pez Obrador: la extinci\u00f3n de organismos inc\u00f3modos.<\/p>\n\n\n\n<p>A nivel nacional, el Presidente de M\u00e9xico impulsa nuevas reformas constitucionales para, de una vez por todas, Desaparecer diversos \u00f3rganos aut\u00f3nomos, entre ellos el Instituto Nacional de Transparencia, ya de por s\u00ed vilipendiado desde hace varios a\u00f1os.<\/p>\n\n\n\n<p>El argumento: que son onerosos, que no sirven para nada, que no es necesaria la rendici\u00f3n de cuentas ni otras veleidades; que no representan votos, ingresos o mecanismos coptadores de simpat\u00edas.<\/p>\n\n\n\n<p>A nivel estatal, a partir de la nueva administraci\u00f3n, que encabeza desde hace 14 meses Salom\u00f3n Jara Cruz, del Partido Morena, tampoco se ve mucho inter\u00e9s en fortalecer el Instituto de Transparencia y Acceso a la Informaci\u00f3n P\u00fablica; mucho menos de los responsables de este ente.<\/p>\n\n\n\n<p>\u00bfY alguien sabe si ha sesionado el comit\u00e9 coordinador del Sistema Estatal de Combate a la Corrupci\u00f3n conformado por diversas instituciones del Gobierno del Estado de Oaxaca?<\/p>\n\n\n\n<p>LA G\u00c9NESIS<\/p>\n\n\n\n<p>Fue precisamente en esta entidad en que surgieron las propuestas para primera ley de transparencia en M\u00e9xico.<\/p>\n\n\n\n<p>El 23 y 24 de mayo de 2001, un grupo de intelectuales, la Fundaci\u00f3n Konrad Adenauer, la Fundaci\u00f3n Informaci\u00f3n y Democracia, el diario \u201cEl Universal\u201d, asociaciones de periodistas, entre otros, convocaron en Oaxaca a un debate acerca de la transparencia.<\/p>\n\n\n\n<p>Bajo el foro \u201cDerecho a la informaci\u00f3n y reforma democr\u00e1tica\u201d, analizaron la necesidad de transparentar las acciones de gobierno y el formalizar el derecho de la sociedad a la informaci\u00f3n.<\/p>\n\n\n\n<p>As\u00ed naci\u00f3 el llamado \u201cGrupo Oaxaca\u201d, que despu\u00e9s promovi\u00f3 a nivel nacional reformas constitucionales, que se concretaron en diciembre de 2001, con la iniciativa de Ley Federal de Acceso a la Informaci\u00f3n P\u00fablica, aprobado finalmente en abril de 2002, tras intensas discusiones.<\/p>\n\n\n\n<p>Por cierto, en la comisi\u00f3n t\u00e9cnica del \u201cGrupo Oaxaca\u201d estuvo el periodista Jenaro Villamil, hoy furibundo defensor y aplaudidor de todo lo que emprenda L\u00f3pez Obrador, as\u00ed sea contrario a la democracia.<\/p>\n\n\n\n<p>En nuestra entidad, a pesar de ser cuna de dichas reformas, no fue sino hasta despu\u00e9s de la revuelta de 2006 en que se comenzaron a tocar estos temas, tras lo cual vendr\u00eda la ley estatal en materia de transparencia y derecho a la informaci\u00f3n.&nbsp;<\/p>\n\n\n\n<p>APUESTA CUATROTE\u00cdSTA<\/p>\n\n\n\n<p>Desde hace varios a\u00f1os, de este sexenio, el Presidente Andr\u00e9s Manuel L\u00f3pez Obrador, apoyado por el Legislativo, ha mantenido una andanada contra el Instituto Nacional de Transparencia, Acceso a la Informaci\u00f3n P\u00fablica y Protecci\u00f3n de Datos Personales.<\/p>\n\n\n\n<p>La m\u00e1s fuerte comenz\u00f3 desde abril de 2022, en que el Senado se demor\u00f3 en exceso el nombramiento de un comisionado, lo que origin\u00f3 un acumulamiento enorme de solicitudes de informaci\u00f3n, que a su vez impactaron en la labor de investigadores y periodistas, que dan cuenta de los probables casos de corrupci\u00f3n en las instituciones p\u00fablicas.<\/p>\n\n\n\n<p>El 1 de marzo de 2023, la C\u00e1mara alta concret\u00f3 esta designaci\u00f3n; sin embargo, 15 d\u00edas despu\u00e9s, el Presidente de la Rep\u00fablica hizo uso de sus facultades constitucionales y objet\u00f3 ambos nombramientos<\/p>\n\n\n\n<p>\u201cTras el conflicto que se vivi\u00f3 ayer en el Senado por el nombramiento de un comisionado del Instituto Nacional de Transparencia, Acceso a la Informaci\u00f3n y Protecci\u00f3n de Datos Personales (INAI), el presidente Andr\u00e9s Manuel L\u00f3pez Obrador pidi\u00f3 a legisladores de Morena desaparecer el organismo aut\u00f3nomo y que sea la Auditoria Superior de la Federaci\u00f3n (ASF) quien asuma las funciones de transparencia\u201d, rese\u00f1\u00f3 el sitio de diario \u201cEl Pa\u00eds\u201d, el 23 de abril de 2023.<\/p>\n\n\n\n<p>\u201cNosotros sostenemos que ese instituto de la transparencia no sirve para nada. Lo crearon para simular que se combat\u00eda la corrupci\u00f3n cuando nunca hicieron nada para combatir la corrupci\u00f3n. \u00bfCu\u00e1ndo ha habido m\u00e1s corrupci\u00f3n en M\u00e9xico?\u201d, se\u00f1al\u00f3 entonces el mandatario federal.<\/p>\n\n\n\n<p>\u201cQue el Estado mexicano cuente con el INAI responde a un sistema de equilibrios en el ejercicio del poder p\u00fablico para que en todo momento se preserve la democracia y los derechos humanos fundamentales. Estemos alerta para que no perdamos lo que, como sociedad, nos ha costado generaciones construir\u201d, advirti\u00f3 hace varios meses Julieta del R\u00edo Venegas, comisionada de dicho \u00f3rgano.<\/p>\n\n\n\n<p>Pero de nada han valido las quejas, pues recientemente el Presidente de M\u00e9xico ha anunciado que enviar\u00e1 una reforma constitucional para desaparecer organismos aut\u00f3nomos en M\u00e9xico, como el INAI, la Comisi\u00f3n Federal de Competencia Econ\u00f3mica (Cofece) y el Instituto Federal de Telecomunicaciones (IFT). As\u00ed que, la din\u00e1mica sigue igual.<\/p>\n\n\n\n<p>\u00bfOAXACA C\u00d3MO VAMOS?<\/p>\n\n\n\n<p>Fue en el sexenio de Ulises Ruiz en que, tras la revuelta de la APPO y la Secci\u00f3n 22 del SNTE, a nivel federal se le oblig\u00f3 a promover una serie de reformas constitucionales para promover una mayor democracia y transparencia.<\/p>\n\n\n\n<p>As\u00ed naci\u00f3 el Instituto de Acceso a la Informaci\u00f3n P\u00fablica, cuyo primer presidente fue Genaro V\u00e1squez Colmenares. Funcion\u00f3 relativamente bien, pues sin mayores dificultades los ciudadanos pod\u00edan solicitar datos a las instituciones p\u00fablicas y obtener la informaci\u00f3n requerida.<\/p>\n\n\n\n<p>Tras ello hubo algunas reformas a la ley referida, para obligar a las instituciones del Estado a divulgar en sus respectivos portales electr\u00f3nicos la informaci\u00f3n necesaria para transparentar sus actos.&nbsp;<\/p>\n\n\n\n<p>Posteriormente se cre\u00f3 un Comit\u00e9 de Participaci\u00f3n Ciudadana y luego el Sistema Estatal de Combate a la Corrupci\u00f3n.<\/p>\n\n\n\n<p>Fue el 1 de junio de 2021, a propuesta de legisladores de Morena, en que se reform\u00f3 la Ley de Transparencia en Oaxaca para desaparecer el Instituto de Acceso a la Informaci\u00f3n P\u00fablica y crear el \u00d3rgano Garante de Acceso a la Informaci\u00f3n P\u00fablica, Transparencia y Protecci\u00f3n de Datos Personales (OGAIPO).<\/p>\n\n\n\n<p>El 4 de septiembre de ese a\u00f1o reform\u00f3 la norma de este \u00faltimo \u00f3rgano; el 11 de noviembre se conform\u00f3 tambi\u00e9n a sus nuevos integrantes, X\u00f3chitl Elizabeth M\u00e9ndez, Jos\u00e9 Luis Echeverr\u00eda Morales Claudia Ivette Soto Pineda, Josu\u00e9 Solana Salmor\u00e1n y Mar\u00eda Tanivet Ramos Reyes.<\/p>\n\n\n\n<p>En tanto, el Sistema Estatal de Combate a la Corrupci\u00f3n, integrado por el Poder Judicial, el OGAIPO, la Auditor\u00eda del Estado de Oaxaca, el Tribunal de Justicia Administrativa, la Secretar\u00eda de Honestidad (antes Contralor\u00eda) y la Fiscal\u00eda Anticorrupci\u00f3n.<\/p>\n\n\n\n<p>Pero desde hace meses no ha sesionado y lo \u00faltimo que se sabe de dicha instancia es el 15 de agosto del a\u00f1o pasado, en que en breves l\u00edneas se dio a conocer su tercera sesi\u00f3n del a\u00f1o.<\/p>\n\n\n\n<p>En abril de 2023 difundi\u00f3: El Comit\u00e9 Coordinador del Sistema Estatal de Combate a la Corrupci\u00f3n, ha tenido a bien aprobar por unanimidad de votos, el<\/p>\n\n\n\n<p>\u201cAcuerdo mediante el cual el Comit\u00e9 Coordinador del Sistema Estatal de Combate a la Corrupci\u00f3n aprueba la modificaci\u00f3n de la pol\u00edtica p\u00fablica estatal de combate a la corrupci\u00f3n respecto a su alineaci\u00f3n con la estrategia nacional y el Plan Nacional de Desarrollo 2019-2024\u201d.<\/p>\n\n\n\n<p>Lo cierto es que en el sexenio de Alejandro Murat y en los \u00faltimos meses, el que la sociedad pueda acceder a la informaci\u00f3n ha sido m\u00e1s complicada; peor a\u00fan disponer de las resoluciones que emite el OGAIPO, en que se dan a conocer las informaciones que dan las instituciones.<\/p>\n\n\n\n<p>De los partidos pol\u00edticos y \u00f3rganos aut\u00f3nomos, tambi\u00e9n obligados a transparentar sus acciones, nada se sabe; simplemente nadie los obliga a la rendici\u00f3n de cuentas.<\/p>\n\n\n\n<p>De la Secretar\u00eda Ejecutiva del Sistema Estatal de Combate a la Corrupci\u00f3n, poco se sabe, m\u00e1s que los esc\u00e1ndalos en que est\u00e1 envuelto por acusaciones hacia diversos integrantes, entre ellos Jos\u00e9 Esteban Bola\u00f1os Guzm\u00e1n, allegado a Jos\u00e9 Murat y familiar del senador verde Ra\u00fal Bola\u00f1os.<\/p>\n\n\n\n<p>Por lo pronto, lo que ha prendido las alarmas \u2014y parece ser que bajo los mismos pasos de la \u201cCuarta Transformaci\u00f3n\u201d\u2014, es que hace una semana, Reyna Santill\u00e1n culmin\u00f3 su cargo como presidenta del Comit\u00e9 de Participaci\u00f3n Ciudadana del Sistema Estatal de Combate a la Corrupci\u00f3n.<\/p>\n\n\n\n<p>En ese entonces, advirti\u00f3 que quedan dos integrantes de cinco que deben ser, para sesionar y acordar, pues a la fecha la 65 Legislatura, que ahora preside el morenista Sergio L\u00f3pez S\u00e1nchez, no ha conformado el comit\u00e9 de selecci\u00f3n, para emitir la convocatoria correspondiente y designar a los miembros restantes.<\/p>\n\n\n\n<p>Si bien hasta el momento el mandatario Salom\u00f3n Jara no ha emitido ning\u00fan pronunciamiento respecto a la extinci\u00f3n de este \u00f3rgano, s\u00ed ha habido par\u00e1lisis en materia de transparencia.<\/p>\n\n\n\n<p>Y quiz\u00e1 sea el primer paso para una nueva reforma legislativa, primero para adelgazar el aparato burocr\u00e1tico con onerosos sueldos y despu\u00e9s\u2026 posiblemente extinguirla.<\/p>\n","protected":false},"excerpt":{"rendered":"<p>Ismael Garc\u00eda M.\/Zona Roja.&nbsp; Oaxaca, Oax., a 22 de enero de 2024.- Cuna de la&hellip;<\/p>\n","protected":false},"author":2,"featured_media":41735,"comment_status":"closed","ping_status":"open","sticky":false,"template":"","format":"standard","meta":{"_lmt_disableupdate":"","_lmt_disable":"","_jetpack_memberships_contains_paid_content":false,"footnotes":""},"categories":[456,109,48],"tags":[1353],"class_list":["post-64471","post","type-post","status-publish","format-standard","has-post-thumbnail","hentry","category-columna","category-minuto-a-minuto","category-zona-critica","tag-opinion-zona-critica"],"jetpack_featured_media_url":"https:\/\/zonaroja.com.mx\/wp-content\/uploads\/2022\/05\/Opinion-Ismael-Garcia-M.jpg","jetpack_sharing_enabled":true,"_links":{"self":[{"href":"https:\/\/zonaroja.com.mx\/index.php?rest_route=\/wp\/v2\/posts\/64471","targetHints":{"allow":["GET"]}}],"collection":[{"href":"https:\/\/zonaroja.com.mx\/index.php?rest_route=\/wp\/v2\/posts"}],"about":[{"href":"https:\/\/zonaroja.com.mx\/index.php?rest_route=\/wp\/v2\/types\/post"}],"author":[{"embeddable":true,"href":"https:\/\/zonaroja.com.mx\/index.php?rest_route=\/wp\/v2\/users\/2"}],"replies":[{"embeddable":true,"href":"https:\/\/zonaroja.com.mx\/index.php?rest_route=%2Fwp%2Fv2%2Fcomments&post=64471"}],"version-history":[{"count":1,"href":"https:\/\/zonaroja.com.mx\/index.php?rest_route=\/wp\/v2\/posts\/64471\/revisions"}],"predecessor-version":[{"id":64472,"href":"https:\/\/zonaroja.com.mx\/index.php?rest_route=\/wp\/v2\/posts\/64471\/revisions\/64472"}],"wp:featuredmedia":[{"embeddable":true,"href":"https:\/\/zonaroja.com.mx\/index.php?rest_route=\/wp\/v2\/media\/41735"}],"wp:attachment":[{"href":"https:\/\/zonaroja.com.mx\/index.php?rest_route=%2Fwp%2Fv2%2Fmedia&parent=64471"}],"wp:term":[{"taxonomy":"category","embeddable":true,"href":"https:\/\/zonaroja.com.mx\/index.php?rest_route=%2Fwp%2Fv2%2Fcategories&post=64471"},{"taxonomy":"post_tag","embeddable":true,"href":"https:\/\/zonaroja.com.mx\/index.php?rest_route=%2Fwp%2Fv2%2Ftags&post=64471"}],"curies":[{"name":"wp","href":"https:\/\/api.w.org\/{rel}","templated":true}]}}