{"id":6448,"date":"2019-12-07T18:24:20","date_gmt":"2019-12-08T00:24:20","guid":{"rendered":"http:\/\/www.zonaroja.com.mx\/?p=6448"},"modified":"2019-12-07T18:24:47","modified_gmt":"2019-12-08T00:24:47","slug":"sabado-sangriento-un-ejecutado-en-tuxtepec-y-otro-en-yogana","status":"publish","type":"post","link":"https:\/\/zonaroja.com.mx\/?p=6448","title":{"rendered":"S\u00e1bado sangriento: un ejecutado en Tuxtepec y otro en Yogana"},"content":{"rendered":"\n<p>Redacci\u00f3n\/Zona Roja.<\/p>\n\n\n\n<p>Oaxaca de Ju\u00e1rez, Oax., 7 de diciembre\nde 2019.- Dos personas fueron asesinadas a balazos este s\u00e1bado, en las regiones\nCuenca del Papaloapan y Valles Centrales. Con esos casos, suman cuatro\nhomicidios los registrados hoy en la entidad oaxaque\u00f1a.<\/p>\n\n\n\n<p>En primer suceso ocurri\u00f3 en San Juan\nBautista Tuxtepec, donde fue ultimado el trabajador de la pasteler\u00eda \u201cLa\nCarlota\u201d, a cuyo due\u00f1o asesinaron a balazos hace dos meses.<\/p>\n\n\n\n<p>Fue en la calle Aldama esquina con\navenida Mancilla de la colonia Santa Fe en que fue atacado Manuel Nieto, de 25\na\u00f1os de edad, quien era repartidor de la pasteler\u00eda; la autoridad ministerial\nno tiene pista del o los ejecutores del crimen.<\/p>\n\n\n\n<p>El 2 de septiembre fue ultimado el\ndue\u00f1o de la negociaci\u00f3n, Ildefonso Garc\u00eda Moreno, en un estacionamiento del\ncentro de esa ciudad de la Cuenca.<\/p>\n\n\n\n<p>Por otra parte, en Santiago Yogana,\nmunicipio del distrito de Ejutla, en la regi\u00f3n de Valles Centrales, fue\nultimada otra persona del sexo masculino.<\/p>\n\n\n\n<p>Los hechos sucedieron en el centro de ese\nmunicipio, uno de los m\u00e1s marginados de la zona, y al momento no ha sido\nidentificada la v\u00edctima.<\/p>\n\n\n\n<p>Por otra parte, en jurisdicci\u00f3n de\nSanta Cruz Xoxocotl\u00e1n, cerca del puente \u201cCuaches\u201d, fue localizado el cad\u00e1ver de\nun individuo, en estado de putrefacci\u00f3n.<\/p>\n\n\n\n<p>Seg\u00fan los primeros reportes policiacos,\nel cuerpo presenta huellas de violencia y vest\u00eda playera planca; tampoco se\ntiene registro del nombre o identidad.<\/p>\n\n\n\n<p>Como se inform\u00f3, durante la madrugada\nde hoy fue ultimado a balazos un individuo en la colonia M\u00e1rtires de R\u00edo Blanco\nde la ciudad de Oaxaca, presuntamente a causa de una ri\u00f1a.<\/p>\n","protected":false},"excerpt":{"rendered":"<p>Redacci\u00f3n\/Zona Roja. Oaxaca de Ju\u00e1rez, Oax., 7 de diciembre de 2019.- Dos personas fueron asesinadas&hellip;<\/p>\n","protected":false},"author":2,"featured_media":5538,"comment_status":"closed","ping_status":"open","sticky":false,"template":"","format":"standard","meta":{"_lmt_disableupdate":"","_lmt_disable":"","_jetpack_memberships_contains_paid_content":false,"footnotes":""},"categories":[109,51],"tags":[118,1110],"class_list":["post-6448","post","type-post","status-publish","format-standard","has-post-thumbnail","hentry","category-minuto-a-minuto","category-zona-roja","tag-san-juan-bautista-tuxtepec","tag-santiago-yogana"],"jetpack_featured_media_url":"https:\/\/zonaroja.com.mx\/wp-content\/uploads\/2019\/11\/PHOTO-2019-11-08-10-07-20.jpg","jetpack_sharing_enabled":true,"_links":{"self":[{"href":"https:\/\/zonaroja.com.mx\/index.php?rest_route=\/wp\/v2\/posts\/6448","targetHints":{"allow":["GET"]}}],"collection":[{"href":"https:\/\/zonaroja.com.mx\/index.php?rest_route=\/wp\/v2\/posts"}],"about":[{"href":"https:\/\/zonaroja.com.mx\/index.php?rest_route=\/wp\/v2\/types\/post"}],"author":[{"embeddable":true,"href":"https:\/\/zonaroja.com.mx\/index.php?rest_route=\/wp\/v2\/users\/2"}],"replies":[{"embeddable":true,"href":"https:\/\/zonaroja.com.mx\/index.php?rest_route=%2Fwp%2Fv2%2Fcomments&post=6448"}],"version-history":[{"count":1,"href":"https:\/\/zonaroja.com.mx\/index.php?rest_route=\/wp\/v2\/posts\/6448\/revisions"}],"predecessor-version":[{"id":6449,"href":"https:\/\/zonaroja.com.mx\/index.php?rest_route=\/wp\/v2\/posts\/6448\/revisions\/6449"}],"wp:featuredmedia":[{"embeddable":true,"href":"https:\/\/zonaroja.com.mx\/index.php?rest_route=\/wp\/v2\/media\/5538"}],"wp:attachment":[{"href":"https:\/\/zonaroja.com.mx\/index.php?rest_route=%2Fwp%2Fv2%2Fmedia&parent=6448"}],"wp:term":[{"taxonomy":"category","embeddable":true,"href":"https:\/\/zonaroja.com.mx\/index.php?rest_route=%2Fwp%2Fv2%2Fcategories&post=6448"},{"taxonomy":"post_tag","embeddable":true,"href":"https:\/\/zonaroja.com.mx\/index.php?rest_route=%2Fwp%2Fv2%2Ftags&post=6448"}],"curies":[{"name":"wp","href":"https:\/\/api.w.org\/{rel}","templated":true}]}}