{"id":64491,"date":"2024-01-22T18:17:42","date_gmt":"2024-01-23T00:17:42","guid":{"rendered":"http:\/\/www.zonaroja.com.mx\/?p=64491"},"modified":"2024-01-22T18:17:43","modified_gmt":"2024-01-23T00:17:43","slug":"muere-un-menor-en-oaxaca-presuntamente-victima-de-bullyng","status":"publish","type":"post","link":"https:\/\/zonaroja.com.mx\/?p=64491","title":{"rendered":"Muere un menor en Oaxaca, presuntamente v\u00edctima de \u201cbullyng\u201d"},"content":{"rendered":"\n<p>Raymundo Morales\/Zona Roja.&nbsp;<\/p>\n\n\n\n<p>Oaxaca de Ju\u00e1rez, Oax., a 22 de enero de 2024 .- Un menor de edad muri\u00f3 tras presuntamente ser golpeado en una escuela secundaria de San Sim\u00f3n Zahuatl\u00e1n, municipio de la regi\u00f3n Mixteca de Oaxaca.<\/p>\n\n\n\n<p>La Fiscal\u00eda General del Estado de Oaxaca (FGEO) confirm\u00f3 el caso e inici\u00f3 una acuciosa investigaci\u00f3n ante el fallecimiento del adolescente, por el cual se abri\u00f3 una carpeta de investigaci\u00f3n por el delito de homicidio, adem\u00e1s que se busca establecer si se trat\u00f3 de un caso de bullying.<\/p>\n\n\n\n<p>En un comunicado, detall\u00f3 que los hechos inicialmente ocurrieron el 16 de enero de 2024, cuando la v\u00edctima, un adolescente de quien sus datos quedan reservados por ley, se encontraba en la escuela secundaria del municipio de San Sim\u00f3n Zahuatl\u00e1n, cuando fue agredido, por lo que cay\u00f3 por un barranco.<\/p>\n\n\n\n<p>Derivado de la situaci\u00f3n, result\u00f3 con severas lesiones por las cuales tuvo que ser internado en un hospital, pero el 21 de enero de 2024, la v\u00edctima sufri\u00f3 una reca\u00edda y perdi\u00f3 la vida a consecuencia de las lesiones.<\/p>\n\n\n\n<p>Detall\u00f3 que, ante los hechos, la Fiscal\u00eda de Oaxaca intervino a trav\u00e9s de la Vicefiscal\u00eda Regional de la Mixteca, que inici\u00f3 las indagatorias al respecto, para dar con quien o quienes resulten responsables de dicha agresi\u00f3n.<\/p>\n\n\n\n<p>\u201cLa Fiscal\u00eda de Oaxaca contribuye a las labores interinstitucionales que buscan erradicar la violencia de las escuelas para que las aulas sean espacios seguros para el estudiantado a lo largo de las ocho regiones de la entidad\u201d, expuso en su comunicado.<\/p>\n","protected":false},"excerpt":{"rendered":"<p>Raymundo Morales\/Zona Roja.&nbsp; Oaxaca de Ju\u00e1rez, Oax., a 22 de enero de 2024 .- Un&hellip;<\/p>\n","protected":false},"author":2,"featured_media":64493,"comment_status":"closed","ping_status":"open","sticky":false,"template":"","format":"standard","meta":{"_lmt_disableupdate":"","_lmt_disable":"","_jetpack_memberships_contains_paid_content":false,"footnotes":""},"categories":[109,47],"tags":[494,1961],"class_list":["post-64491","post","type-post","status-publish","format-standard","has-post-thumbnail","hentry","category-minuto-a-minuto","category-zona-gris","tag-fiscalia-general-del-estado-de-oaxaca","tag-san-simon-zahuatlan"],"jetpack_featured_media_url":"https:\/\/zonaroja.com.mx\/wp-content\/uploads\/2024\/01\/San-Simon-Zahuatlan.jpg","jetpack_sharing_enabled":true,"_links":{"self":[{"href":"https:\/\/zonaroja.com.mx\/index.php?rest_route=\/wp\/v2\/posts\/64491","targetHints":{"allow":["GET"]}}],"collection":[{"href":"https:\/\/zonaroja.com.mx\/index.php?rest_route=\/wp\/v2\/posts"}],"about":[{"href":"https:\/\/zonaroja.com.mx\/index.php?rest_route=\/wp\/v2\/types\/post"}],"author":[{"embeddable":true,"href":"https:\/\/zonaroja.com.mx\/index.php?rest_route=\/wp\/v2\/users\/2"}],"replies":[{"embeddable":true,"href":"https:\/\/zonaroja.com.mx\/index.php?rest_route=%2Fwp%2Fv2%2Fcomments&post=64491"}],"version-history":[{"count":1,"href":"https:\/\/zonaroja.com.mx\/index.php?rest_route=\/wp\/v2\/posts\/64491\/revisions"}],"predecessor-version":[{"id":64494,"href":"https:\/\/zonaroja.com.mx\/index.php?rest_route=\/wp\/v2\/posts\/64491\/revisions\/64494"}],"wp:featuredmedia":[{"embeddable":true,"href":"https:\/\/zonaroja.com.mx\/index.php?rest_route=\/wp\/v2\/media\/64493"}],"wp:attachment":[{"href":"https:\/\/zonaroja.com.mx\/index.php?rest_route=%2Fwp%2Fv2%2Fmedia&parent=64491"}],"wp:term":[{"taxonomy":"category","embeddable":true,"href":"https:\/\/zonaroja.com.mx\/index.php?rest_route=%2Fwp%2Fv2%2Fcategories&post=64491"},{"taxonomy":"post_tag","embeddable":true,"href":"https:\/\/zonaroja.com.mx\/index.php?rest_route=%2Fwp%2Fv2%2Ftags&post=64491"}],"curies":[{"name":"wp","href":"https:\/\/api.w.org\/{rel}","templated":true}]}}