{"id":64495,"date":"2024-01-22T19:37:09","date_gmt":"2024-01-23T01:37:09","guid":{"rendered":"http:\/\/www.zonaroja.com.mx\/?p=64495"},"modified":"2024-01-22T19:37:10","modified_gmt":"2024-01-23T01:37:10","slug":"tras-retener-y-amarrar-a-un-funcionario-policias-desalojan-bloqueo-en-el-istmo","status":"publish","type":"post","link":"https:\/\/zonaroja.com.mx\/?p=64495","title":{"rendered":"Tras retener y amarrar a un funcionario, polic\u00edas desalojan bloqueo en el Istmo"},"content":{"rendered":"\n<p>Yuridiana Sosa\/Zona Roja.<\/p>\n\n\n\n<p>Oaxaca de Ju\u00e1rez, Oax., a 22 de enero de 2024.- Habitantes y autoridades de Reforma de Pineda, en la regi\u00f3n del Istmo, retuvieron y amarraron al delegado de Paz para esa zona, Enrique Mart\u00ednez, durante el bloqueo que instalaron en la carretera federal 190, en jurisdicci\u00f3n de Santiago Niltepec.<\/p>\n\n\n\n<p>Tras ello, la tarde de hoy elementos de la Polic\u00eda Estatal arribaron al sitio para pedir que retiraran la protesta y liberaran el tr\u00e1nsito; sin embargo, ante la negativa, los elementos dispararon cartuchos de gas lacrim\u00f3geno para dispersar a los manifestantes, adem\u00e1s de realizar algunas detenciones.<\/p>\n\n\n\n<p>Previo a ello, el funcionario estatal, delegado de la paz de la Secretar\u00eda de Gobierno de Oaxaca, identificado como Enrique Mart\u00ednez, no logr\u00f3 acuerdo para que los manifestantes desistieron del bloqueo, pues de acuerdo a los inconformes, el titular de la Sego, Jes\u00fas Romero, ha sido omiso en su demanda.<\/p>\n\n\n\n<p>Integrantes del Cabildo y habitantes de Reforma de Pineda exigen a la 65 Legislatura del Congreso de Oaxaca la destituci\u00f3n del presidente municipal, Jos\u00e9 M\u00e9ndez Ram\u00edrez.<\/p>\n\n\n\n<p>Por lo que desde temprana hora los inconformes cerraron el paso en la carretera Panamericana, en el tramo&nbsp; a la altura de El Huamol, Santiago Niltepec, lo cual interrumpi\u00f3 durante casi todo el d\u00eda el paso a Chiapas.<\/p>\n\n\n\n<p>LA PROBLEM\u00c1TICA<\/p>\n\n\n\n<p>El edil, del Partido Verde, es se\u00f1alado de diversas irregularidades, como no transparentar la aplicaci\u00f3n de los recursos del Ramo 33 Fondo III, falta de obras, as\u00ed como no convocar a sesiones de cabildo.<\/p>\n\n\n\n<p>As\u00ed tambi\u00e9n fue denunciado de violencia pol\u00edtica por raz\u00f3n de g\u00e9nero, situaci\u00f3n por la que en octubre de 2023 el Tribunal Electoral del Estado de Oaxaca (TEEO) determin\u00f3 que s\u00ed existi\u00f3 dicho acto ejercido de parte de Jos\u00e9 M\u00e9ndez Ram\u00edrez, contra de la regidora de Parques y Jardines, Mar\u00eda del Rosario Ulloa Hern\u00e1ndez.<\/p>\n\n\n\n<p>As\u00ed como obstrucci\u00f3n al ejercicio del cargo en contra de la S\u00edndica Municipal, Tomasa Ram\u00edrez Blas, y la regidora de Salud, Mar\u00eda Enedit Vel\u00e1squez Luis.<\/p>\n\n\n\n<p>DIVERSAS PROTESTAS<\/p>\n\n\n\n<p>Ante las inconformidades por las acciones del edil, las protestas en su contra comenzaron en abril de 2023 con la clausura de las oficinas alternas del palacio municipal por parte de tres regidores por despidos injustificados de &nbsp;trabajadores.<\/p>\n\n\n\n<p>D\u00edas despu\u00e9s, habitantes y concejales del ayuntamiento de&nbsp;Reforma de Pineda&nbsp;realizaron &nbsp;un bloqueo sobre la carretera&nbsp; donde este lunes se lleva a cabo la protesta.<\/p>\n\n\n\n<p>En septiembre, luego de varios meses de desatenci\u00f3n, las regidoras violentadas por el edil, en compa\u00f1\u00eda de habitantes de Reforma de Pineda se manifestaron en el domicilio particular del presidente municipal para exigir una mesa de di\u00e1logo.&nbsp;La autoridad respondi\u00f3 a la protesta con disparos de armas de fuego.<\/p>\n\n\n\n<p>De acuerdo a los inconformes, desde que inici\u00f3 el problema a la fecha, se han realizado &nbsp;diferentes &nbsp;mesas de trabajo con representantes del Gobierno del Estado, sin embargo, el titular de la Sego, Jes\u00fas Romero, no ha dado la cara, por lo que concluyen que es por complicidad al ser partido aliados en los proceso electorales.<\/p>\n\n\n\n<p>LUNES DE PROTESTAS<\/p>\n\n\n\n<p>Por otra parte, en la capital del estado, organizaciones aliadas a la Red Estatal de V\u00edctimas realizaron una marcha de la fuente de las Ocho Regiones al z\u00f3calo de la capital para exigir atenci\u00f3n a sus diversas demandas de car\u00e1cter social y justicia.<\/p>\n\n\n\n<p>La protesta concluy\u00f3 con un mitin en el z\u00f3calo de la ciudad, tras lo cual tambi\u00e9n ofrecieron su respaldo a los trabajadores sindicalizados del Instituto de Estudios de Bachillerato del Estado de Oaxaca (IEBO), quienes se\u00f1alan que su gremio tiene reconocimiento jur\u00eddico, y negaron que su caso ya sea atendido por el gobierno del estado, como lo se\u00f1al\u00f3 la Consejer\u00eda Jur\u00eddica.&nbsp;<\/p>\n\n\n\n<p>Luego de ser atendidos por funcionarios de la Secretar\u00eda de Gobierno, encabezados por Jes\u00fas Romero L\u00f3pez, se retiraron del z\u00f3calo.<\/p>\n","protected":false},"excerpt":{"rendered":"<p>Yuridiana Sosa\/Zona Roja. Oaxaca de Ju\u00e1rez, Oax., a 22 de enero de 2024.- Habitantes y&hellip;<\/p>\n","protected":false},"author":2,"featured_media":64496,"comment_status":"closed","ping_status":"open","sticky":false,"template":"","format":"standard","meta":{"_lmt_disableupdate":"","_lmt_disable":"","_jetpack_memberships_contains_paid_content":false,"footnotes":""},"categories":[109,47],"tags":[1208],"class_list":["post-64495","post","type-post","status-publish","format-standard","has-post-thumbnail","hentry","category-minuto-a-minuto","category-zona-gris","tag-reforma-de-pineda"],"jetpack_featured_media_url":"https:\/\/zonaroja.com.mx\/wp-content\/uploads\/2024\/01\/Desalojo-policias-bloqueo-Reforma-de-Pineda-Istmo.jpg","jetpack_sharing_enabled":true,"_links":{"self":[{"href":"https:\/\/zonaroja.com.mx\/index.php?rest_route=\/wp\/v2\/posts\/64495","targetHints":{"allow":["GET"]}}],"collection":[{"href":"https:\/\/zonaroja.com.mx\/index.php?rest_route=\/wp\/v2\/posts"}],"about":[{"href":"https:\/\/zonaroja.com.mx\/index.php?rest_route=\/wp\/v2\/types\/post"}],"author":[{"embeddable":true,"href":"https:\/\/zonaroja.com.mx\/index.php?rest_route=\/wp\/v2\/users\/2"}],"replies":[{"embeddable":true,"href":"https:\/\/zonaroja.com.mx\/index.php?rest_route=%2Fwp%2Fv2%2Fcomments&post=64495"}],"version-history":[{"count":1,"href":"https:\/\/zonaroja.com.mx\/index.php?rest_route=\/wp\/v2\/posts\/64495\/revisions"}],"predecessor-version":[{"id":64497,"href":"https:\/\/zonaroja.com.mx\/index.php?rest_route=\/wp\/v2\/posts\/64495\/revisions\/64497"}],"wp:featuredmedia":[{"embeddable":true,"href":"https:\/\/zonaroja.com.mx\/index.php?rest_route=\/wp\/v2\/media\/64496"}],"wp:attachment":[{"href":"https:\/\/zonaroja.com.mx\/index.php?rest_route=%2Fwp%2Fv2%2Fmedia&parent=64495"}],"wp:term":[{"taxonomy":"category","embeddable":true,"href":"https:\/\/zonaroja.com.mx\/index.php?rest_route=%2Fwp%2Fv2%2Fcategories&post=64495"},{"taxonomy":"post_tag","embeddable":true,"href":"https:\/\/zonaroja.com.mx\/index.php?rest_route=%2Fwp%2Fv2%2Ftags&post=64495"}],"curies":[{"name":"wp","href":"https:\/\/api.w.org\/{rel}","templated":true}]}}