{"id":6450,"date":"2019-12-07T19:23:32","date_gmt":"2019-12-08T01:23:32","guid":{"rendered":"http:\/\/www.zonaroja.com.mx\/?p=6450"},"modified":"2019-12-07T19:23:34","modified_gmt":"2019-12-08T01:23:34","slug":"balacera-cerca-del-palacio-nacional-de-la-cdmx-deja-cuatro-muertos","status":"publish","type":"post","link":"https:\/\/zonaroja.com.mx\/?p=6450","title":{"rendered":"Balacera cerca del Palacio Nacional de la Cdmx deja cuatro muertos"},"content":{"rendered":"\n<p>Redacci\u00f3n\/Zona Roja.<\/p>\n\n\n\n<p>Ciudad de M\u00e9xico, 7 de diciembre de\n2019.- Un ataque a balazos en la Ciudad de M\u00e9xico por parte de un individuo\ndej\u00f3 tres personas fallecidas y momentos m\u00e1s tarde el agresor fue abatido por\npolic\u00edas.<\/p>\n\n\n\n<p>Los hechos sucedieron la tarde de este\ns\u00e1bado en la esquina de la calle Licenciado Verdad y Moneda, atr\u00e1s del Palacio\nNacional, en el Centro Hist\u00f3rico.<\/p>\n\n\n\n<p>Un militar en retiro, Noel Garc\u00eda\nHern\u00e1ndez, entr\u00f3 a orinar a un domicilio marcado con el n\u00famero 7; cuando los\nvecinos le recriminaron su actitud, sac\u00f3 su arma y los asesin\u00f3. <\/p>\n\n\n\n<p>Un elemento de la polic\u00eda capitalina\nlleg\u00f3 al lugar, le pidi\u00f3 su arma y que levantara las manos, pero el atacante se\nneg\u00f3, por lo cual fue abatido.<\/p>\n\n\n\n<p>La Secretar\u00eda de Seguridad Ciudadana\n(SSC) de la Ciudad de M\u00e9xico inform\u00f3 que los polic\u00edas recibieron la emergencia\nv\u00eda radio acerca de que en un inmueble ubicado en el Callej\u00f3n Primo Verdad,\ncolonia Centro, alcald\u00eda Cuauht\u00e9moc, se registraban detonaciones por arma de\nfuego.<\/p>\n\n\n\n<p>Al llegar, uno de los polic\u00edas entr\u00f3 a\nla vecindad y pidi\u00f3 al capit\u00e1n en retiro que portaba un arma de fuego que\ntirara el arma pero tambi\u00e9n se neg\u00f3 y dispar\u00f3, con lo que el uniformado de la\nSSC repeli\u00f3 la agresi\u00f3n.<\/p>\n\n\n\n<p>Los elementos policiacos encontraron a\notras cuatro personas m\u00e1s que presentaban heridas de bala, quienes se\nencontraban tirados en el patio de la vecindad.<\/p>\n\n\n\n<p>Al lugar llegaron param\u00e9dicos quienes\ncertificaron el deceso del agresor y dos personas m\u00e1s, mientras que param\u00e9dicos\ntrasladaron a tres heridos, pero uno de ellos perdi\u00f3 la vida en el trayecto al\nhospital Balbuena.<\/p>\n","protected":false},"excerpt":{"rendered":"<p>Redacci\u00f3n\/Zona Roja. Ciudad de M\u00e9xico, 7 de diciembre de 2019.- Un ataque a balazos en&hellip;<\/p>\n","protected":false},"author":2,"featured_media":6451,"comment_status":"closed","ping_status":"open","sticky":false,"template":"","format":"standard","meta":{"_lmt_disableupdate":"","_lmt_disable":"","_jetpack_memberships_contains_paid_content":false,"footnotes":""},"categories":[109,51],"tags":[1111],"class_list":["post-6450","post","type-post","status-publish","format-standard","has-post-thumbnail","hentry","category-minuto-a-minuto","category-zona-roja","tag-ciudad-de-mexico"],"jetpack_featured_media_url":"https:\/\/zonaroja.com.mx\/wp-content\/uploads\/2019\/12\/Image-1-53.png","jetpack_sharing_enabled":true,"_links":{"self":[{"href":"https:\/\/zonaroja.com.mx\/index.php?rest_route=\/wp\/v2\/posts\/6450","targetHints":{"allow":["GET"]}}],"collection":[{"href":"https:\/\/zonaroja.com.mx\/index.php?rest_route=\/wp\/v2\/posts"}],"about":[{"href":"https:\/\/zonaroja.com.mx\/index.php?rest_route=\/wp\/v2\/types\/post"}],"author":[{"embeddable":true,"href":"https:\/\/zonaroja.com.mx\/index.php?rest_route=\/wp\/v2\/users\/2"}],"replies":[{"embeddable":true,"href":"https:\/\/zonaroja.com.mx\/index.php?rest_route=%2Fwp%2Fv2%2Fcomments&post=6450"}],"version-history":[{"count":1,"href":"https:\/\/zonaroja.com.mx\/index.php?rest_route=\/wp\/v2\/posts\/6450\/revisions"}],"predecessor-version":[{"id":6452,"href":"https:\/\/zonaroja.com.mx\/index.php?rest_route=\/wp\/v2\/posts\/6450\/revisions\/6452"}],"wp:featuredmedia":[{"embeddable":true,"href":"https:\/\/zonaroja.com.mx\/index.php?rest_route=\/wp\/v2\/media\/6451"}],"wp:attachment":[{"href":"https:\/\/zonaroja.com.mx\/index.php?rest_route=%2Fwp%2Fv2%2Fmedia&parent=6450"}],"wp:term":[{"taxonomy":"category","embeddable":true,"href":"https:\/\/zonaroja.com.mx\/index.php?rest_route=%2Fwp%2Fv2%2Fcategories&post=6450"},{"taxonomy":"post_tag","embeddable":true,"href":"https:\/\/zonaroja.com.mx\/index.php?rest_route=%2Fwp%2Fv2%2Ftags&post=6450"}],"curies":[{"name":"wp","href":"https:\/\/api.w.org\/{rel}","templated":true}]}}