{"id":64503,"date":"2024-01-22T21:43:32","date_gmt":"2024-01-23T03:43:32","guid":{"rendered":"http:\/\/www.zonaroja.com.mx\/?p=64503"},"modified":"2024-01-22T21:43:34","modified_gmt":"2024-01-23T03:43:34","slug":"hallan-muerto-a-individuo-desaparecido-ayer-en-puerto-escondido","status":"publish","type":"post","link":"https:\/\/zonaroja.com.mx\/?p=64503","title":{"rendered":"Hallan muerto a individuo desaparecido ayer en Puerto Escondido"},"content":{"rendered":"\n<p>Raymundo Morales\/Zona Roja.<\/p>\n\n\n\n<p>Oaxaca de Ju\u00e1rez, Oax., a 22 de enero de 2024.- El cuerpo sin vida de una persona del sexo masculino, con varios impactos de arma de fuego, fue localizado la ma\u00f1ana de hoy en San Pedro Mixtepec, municipio de la regi\u00f3n Costa de Oaxaca.<\/p>\n\n\n\n<p>De acuerdo con las investigaciones preliminares, podr\u00eda tratarse de Ed\u00e9n Pinz\u00f3n L\u00f3pez, de 37 a\u00f1os de edad quien, de acuerdo con una ficha de la Unidad de B\u00fasqueda de Personas, desapareci\u00f3 ayer en Punta Zicatela, en el destino tur\u00edstico de Puerto Escondido.<\/p>\n\n\n\n<p>Seg\u00fan la descripci\u00f3n, vest\u00eda un short color azul tipo surf, una playera negra y tenis negros; adem\u00e1s, ten\u00eda varios tatuajes, en el cuello, costilla derecha, brazo izquierdo y hombro izquierdo.<\/p>\n\n\n\n<p>Hasta el momento se desconoce qui\u00e9n o qui\u00e9nes lo habr\u00edan privado de la vida, por lo cual la Vicefiscal\u00eda Regional de la Costa, dependiente de la Fiscal\u00eda General del Estado de Oaxaca, inici\u00f3 las indagatorias correspondientes, con la finalidad de dar con el paradero del o de los responsables del crimen.<\/p>\n","protected":false},"excerpt":{"rendered":"<p>Raymundo Morales\/Zona Roja. Oaxaca de Ju\u00e1rez, Oax., a 22 de enero de 2024.- El cuerpo&hellip;<\/p>\n","protected":false},"author":2,"featured_media":64506,"comment_status":"closed","ping_status":"open","sticky":false,"template":"","format":"standard","meta":{"_lmt_disableupdate":"","_lmt_disable":"","_jetpack_memberships_contains_paid_content":false,"footnotes":""},"categories":[109,51],"tags":[890],"class_list":["post-64503","post","type-post","status-publish","format-standard","has-post-thumbnail","hentry","category-minuto-a-minuto","category-zona-roja","tag-san-pedro-mixtepec"],"jetpack_featured_media_url":"https:\/\/zonaroja.com.mx\/wp-content\/uploads\/2024\/01\/Asesinado-San-Pedro-Mixtepec-de-Puerto-Escondido.jpg","jetpack_sharing_enabled":true,"_links":{"self":[{"href":"https:\/\/zonaroja.com.mx\/index.php?rest_route=\/wp\/v2\/posts\/64503","targetHints":{"allow":["GET"]}}],"collection":[{"href":"https:\/\/zonaroja.com.mx\/index.php?rest_route=\/wp\/v2\/posts"}],"about":[{"href":"https:\/\/zonaroja.com.mx\/index.php?rest_route=\/wp\/v2\/types\/post"}],"author":[{"embeddable":true,"href":"https:\/\/zonaroja.com.mx\/index.php?rest_route=\/wp\/v2\/users\/2"}],"replies":[{"embeddable":true,"href":"https:\/\/zonaroja.com.mx\/index.php?rest_route=%2Fwp%2Fv2%2Fcomments&post=64503"}],"version-history":[{"count":1,"href":"https:\/\/zonaroja.com.mx\/index.php?rest_route=\/wp\/v2\/posts\/64503\/revisions"}],"predecessor-version":[{"id":64507,"href":"https:\/\/zonaroja.com.mx\/index.php?rest_route=\/wp\/v2\/posts\/64503\/revisions\/64507"}],"wp:featuredmedia":[{"embeddable":true,"href":"https:\/\/zonaroja.com.mx\/index.php?rest_route=\/wp\/v2\/media\/64506"}],"wp:attachment":[{"href":"https:\/\/zonaroja.com.mx\/index.php?rest_route=%2Fwp%2Fv2%2Fmedia&parent=64503"}],"wp:term":[{"taxonomy":"category","embeddable":true,"href":"https:\/\/zonaroja.com.mx\/index.php?rest_route=%2Fwp%2Fv2%2Fcategories&post=64503"},{"taxonomy":"post_tag","embeddable":true,"href":"https:\/\/zonaroja.com.mx\/index.php?rest_route=%2Fwp%2Fv2%2Ftags&post=64503"}],"curies":[{"name":"wp","href":"https:\/\/api.w.org\/{rel}","templated":true}]}}