{"id":64508,"date":"2024-01-23T07:00:01","date_gmt":"2024-01-23T13:00:01","guid":{"rendered":"http:\/\/www.zonaroja.com.mx\/?p=64508"},"modified":"2024-01-23T07:00:04","modified_gmt":"2024-01-23T13:00:04","slug":"reanudan-triquis-protestas-en-la-ciudad-de-mexico","status":"publish","type":"post","link":"https:\/\/zonaroja.com.mx\/?p=64508","title":{"rendered":"Reanudan triquis protestas en la Ciudad de M\u00e9xico"},"content":{"rendered":"\n<p>Ismael Garc\u00eda M.\/Zona Roja. Foto: Cortes\u00eda.<\/p>\n\n\n\n<p>Oaxaca de Ju\u00e1rez, Oax., a 23 de agosto de 2023.- Para exigir al gobierno federal el cumplimiento de la medida cautelar de la CIDH y con ello el retorno seguro a Tierra Blanca Copala, Oaxaca, un grupo de ind\u00edgenas triquis reanud\u00f3 ayer sus protestas en la ciudad de M\u00e9xic.<\/p>\n\n\n\n<p>Los militantes del Movimiento de Unificaci\u00f3n y Lucha Triqui (MULTI) cerraron las avenidas Ju\u00e1rez y L\u00e1zaro C\u00e1rdenas, en el Centro Hist\u00f3rico, en demanda de la adopci\u00f3n de la medida cautelar 279-22 de la Comisi\u00f3n Interamericana de los Derechos Humanos (CIDH).<\/p>\n\n\n\n<p>Asimismo, garantizar el regreso seguro de 144 familias a la localidad perteneciente al municipio de Santiago Juxtlahuaca, de donde fueron expulsados hace tres a\u00f1os.<\/p>\n\n\n\n<p>Demandaron adem\u00e1s tanto al Gobierno de la Rep\u00fablica como al gobierno de Oaxaca, la reinstalaci\u00f3n de la mesa de di\u00e1logo, que ha sido pospuesta en cinco ocasiones.<\/p>\n\n\n\n<p>Por su parte, a trav\u00e9s de un comunicado, la Secretar\u00eda de Gobernaci\u00f3n (Segob) inform\u00f3 que, a trav\u00e9s de la Subsecretar\u00eda de Derechos Humanos, Poblaci\u00f3n y Migraci\u00f3n, instalar\u00e1 una reuni\u00f3n para el pr\u00f3ximo 25 de enero.<\/p>\n\n\n\n<p>Con ello, expuso en su breve documento, se da seguimiento a las mesas de di\u00e1logo con la poblaci\u00f3n triqui. En el caso de Oaxaca, no hubo pronunciamiento al respecto.<\/p>\n","protected":false},"excerpt":{"rendered":"<p>Ismael Garc\u00eda M.\/Zona Roja. Foto: Cortes\u00eda. Oaxaca de Ju\u00e1rez, Oax., a 23 de agosto de&hellip;<\/p>\n","protected":false},"author":2,"featured_media":64509,"comment_status":"closed","ping_status":"open","sticky":false,"template":"","format":"standard","meta":{"_lmt_disableupdate":"","_lmt_disable":"","_jetpack_memberships_contains_paid_content":false,"footnotes":""},"categories":[109,47],"tags":[1712],"class_list":["post-64508","post","type-post","status-publish","format-standard","has-post-thumbnail","hentry","category-minuto-a-minuto","category-zona-gris","tag-tierra-blanca-copala"],"jetpack_featured_media_url":"https:\/\/zonaroja.com.mx\/wp-content\/uploads\/2024\/01\/Protesta-triquis-MULTI-Tierra-Blanca-ciudad-de-Mexico.jpeg","jetpack_sharing_enabled":true,"_links":{"self":[{"href":"https:\/\/zonaroja.com.mx\/index.php?rest_route=\/wp\/v2\/posts\/64508","targetHints":{"allow":["GET"]}}],"collection":[{"href":"https:\/\/zonaroja.com.mx\/index.php?rest_route=\/wp\/v2\/posts"}],"about":[{"href":"https:\/\/zonaroja.com.mx\/index.php?rest_route=\/wp\/v2\/types\/post"}],"author":[{"embeddable":true,"href":"https:\/\/zonaroja.com.mx\/index.php?rest_route=\/wp\/v2\/users\/2"}],"replies":[{"embeddable":true,"href":"https:\/\/zonaroja.com.mx\/index.php?rest_route=%2Fwp%2Fv2%2Fcomments&post=64508"}],"version-history":[{"count":1,"href":"https:\/\/zonaroja.com.mx\/index.php?rest_route=\/wp\/v2\/posts\/64508\/revisions"}],"predecessor-version":[{"id":64510,"href":"https:\/\/zonaroja.com.mx\/index.php?rest_route=\/wp\/v2\/posts\/64508\/revisions\/64510"}],"wp:featuredmedia":[{"embeddable":true,"href":"https:\/\/zonaroja.com.mx\/index.php?rest_route=\/wp\/v2\/media\/64509"}],"wp:attachment":[{"href":"https:\/\/zonaroja.com.mx\/index.php?rest_route=%2Fwp%2Fv2%2Fmedia&parent=64508"}],"wp:term":[{"taxonomy":"category","embeddable":true,"href":"https:\/\/zonaroja.com.mx\/index.php?rest_route=%2Fwp%2Fv2%2Fcategories&post=64508"},{"taxonomy":"post_tag","embeddable":true,"href":"https:\/\/zonaroja.com.mx\/index.php?rest_route=%2Fwp%2Fv2%2Ftags&post=64508"}],"curies":[{"name":"wp","href":"https:\/\/api.w.org\/{rel}","templated":true}]}}