{"id":64521,"date":"2024-01-23T11:34:00","date_gmt":"2024-01-23T17:34:00","guid":{"rendered":"http:\/\/www.zonaroja.com.mx\/?p=64521"},"modified":"2024-01-23T17:25:22","modified_gmt":"2024-01-23T23:25:22","slug":"presa-paso-ancho-proyecto-fallido-y-en-la-impunidad","status":"publish","type":"post","link":"https:\/\/zonaroja.com.mx\/?p=64521","title":{"rendered":"Presa \u201cPaso Ancho\u201d, proyecto fallido y en la impunidad"},"content":{"rendered":"\n<p>David M\u00e9ndez\/Zona Roja.<\/p>\n\n\n\n<p>Parte II y \u00faltima. <\/p>\n\n\n\n<p>Oaxaca de Ju\u00e1rez, Oax., a 23 de enero de 2024.- A fines de diciembre de 2023, el gobernador de Oaxaca, Salom\u00f3n Jara Cruz, plante\u00f3 la posibilidad de revivir el proyecto \u201cPaso Ancho\u201d, aunque precis\u00f3 que ello ser\u00eda analizado a profundidad, pues los costos de la obra hab\u00edan crecido de tres mil 500 a 10 mil millones de pesos.<\/p>\n\n\n\n<p>La Procuradur\u00eda Federal de Protecci\u00f3n al Ambiente (Profepa) clausur\u00f3 de manera total temporal en 2014 dicho proyecto hidr\u00e1ulico, por no contar con autorizaci\u00f3n de cambio de uso de suelo en terrenos forestales que otorga la Secretar\u00eda de Medio Ambiente y Recursos Naturales (Semarnat).<\/p>\n\n\n\n<p>Lo anterior, luego de que la Direcci\u00f3n General de Gesti\u00f3n Forestal y de Suelos de la Semarnat resolvi\u00f3 desechar dicha autorizaci\u00f3n que implicaba la afectaci\u00f3n de una superficie de mil hect\u00e1reas, por la ejecuci\u00f3n del proyecto \u201cCortina Presa Paso Ancho\u201d solicitado por la Comisi\u00f3n Estatal del Agua del Gobierno del Estado de Oaxaca.<\/p>\n\n\n\n<p>A consideraci\u00f3n de esta direcci\u00f3n, el responsable de la obra \u201cno present\u00f3 informaci\u00f3n t\u00e9cnica y documentaci\u00f3n legal faltante\u201d.&nbsp;<\/p>\n\n\n\n<p>El terreno donde se desarrollaba el proyecto est\u00e1 ubicado entre las comunidades de Villa Sola de Vega y San Vicente Coatl\u00e1n, Oaxaca.<\/p>\n\n\n\n<p>La acci\u00f3n emprendida por la delegaci\u00f3n Federal de Profepa en la entidad fue derivada de la substanciaci\u00f3n del procedimiento administrativo en contra de Tradeco Infraestructura S.A de C.V.<\/p>\n\n\n\n<p>\u201cDicha resoluci\u00f3n se notific\u00f3 el pasado d\u00eda 28 de marzo y fue cumplida el 8 de abril de los corrientes, al ejecutarse la clausura temporal total de las actividades relativas al cambio de uso del suelo en terrenos forestales, condicionado su levantamiento hasta en tanto la persona interesada presente la autorizaci\u00f3n del cambio de uso del suelo\u201d.<\/p>\n\n\n\n<p>En t\u00e9rminos reales, la superficie afectada fue de 2 mil hect\u00e1reas, sin contar con la autorizaci\u00f3n expedida por la Semarnat, afectando con ello vegetaci\u00f3n de selva baja caducifolia y de encino por la ejecuci\u00f3n del proyecto.<\/p>\n\n\n\n<p>CU\u00c9 Y SALVATIERRA<\/p>\n\n\n\n<p>Como se inform\u00f3, dicho embalse form\u00f3 parte del proyecto \u201cPlatino\u201d, una cartera de obras insigne durante la administraci\u00f3n de Gabino Cu\u00e9 Monteagudo, en cuyo sexenio Netzahualc\u00f3yotl Salvatierra fue secretario de las Infraestructuras, mismo cargo que hoy ocupa con Salom\u00f3n Jara Cruz.<\/p>\n\n\n\n<p>Pese a que ha tocado el tema, hasta el momento el funcionario no ha mencionado en absoluto la grave problem\u00e1tica y el derroche de dinero que represent\u00f3 la obra cancelada y que tuvo un costo global de tres mil 341 millones de pesos, parte de ello invertido por el gobierno federal.<\/p>\n\n\n\n<p>La obra fue asignada a la empresa nacional Tradeco S. A. de C. V., a la que no hay se\u00f1alamientos en su contra.<\/p>\n\n\n\n<p>Supuestamente tanto la entonces Secretar\u00eda de la Contralor\u00eda como la Fiscal\u00eda Anticorrupci\u00f3n investigan las presuntas irregularidades, pero tampoco han dado a conocer alg\u00fan fallo ni mucho menos han dado vista a las instancias correspondientes.<\/p>\n\n\n\n<p>Seg\u00fan el expediente, el proyecto contemplaba la construcci\u00f3n de una presa de almacenamiento de aproximadamente 60 metros de altura, que garantizara un caudal medio anual de 1.2 metros c\u00fabicos por segundo y un acueducto de 106 kil\u00f3metros para abastecer de agua potable a la ciudad de Oaxaca y municipios conurbados.<\/p>\n","protected":false},"excerpt":{"rendered":"<p>David M\u00e9ndez\/Zona Roja. Parte II y \u00faltima. Oaxaca de Ju\u00e1rez, Oax., a 23 de enero&hellip;<\/p>\n","protected":false},"author":2,"featured_media":64522,"comment_status":"closed","ping_status":"open","sticky":false,"template":"","format":"standard","meta":{"_lmt_disableupdate":"","_lmt_disable":"","_jetpack_memberships_contains_paid_content":false,"footnotes":""},"categories":[109,47],"tags":[3818],"class_list":["post-64521","post","type-post","status-publish","format-standard","has-post-thumbnail","hentry","category-minuto-a-minuto","category-zona-gris","tag-presa-paso-ancho-oaxaca"],"jetpack_featured_media_url":"https:\/\/zonaroja.com.mx\/wp-content\/uploads\/2024\/01\/Presa-Paso-Ancho-Oaxaca.jpg","jetpack_sharing_enabled":true,"_links":{"self":[{"href":"https:\/\/zonaroja.com.mx\/index.php?rest_route=\/wp\/v2\/posts\/64521","targetHints":{"allow":["GET"]}}],"collection":[{"href":"https:\/\/zonaroja.com.mx\/index.php?rest_route=\/wp\/v2\/posts"}],"about":[{"href":"https:\/\/zonaroja.com.mx\/index.php?rest_route=\/wp\/v2\/types\/post"}],"author":[{"embeddable":true,"href":"https:\/\/zonaroja.com.mx\/index.php?rest_route=\/wp\/v2\/users\/2"}],"replies":[{"embeddable":true,"href":"https:\/\/zonaroja.com.mx\/index.php?rest_route=%2Fwp%2Fv2%2Fcomments&post=64521"}],"version-history":[{"count":2,"href":"https:\/\/zonaroja.com.mx\/index.php?rest_route=\/wp\/v2\/posts\/64521\/revisions"}],"predecessor-version":[{"id":64533,"href":"https:\/\/zonaroja.com.mx\/index.php?rest_route=\/wp\/v2\/posts\/64521\/revisions\/64533"}],"wp:featuredmedia":[{"embeddable":true,"href":"https:\/\/zonaroja.com.mx\/index.php?rest_route=\/wp\/v2\/media\/64522"}],"wp:attachment":[{"href":"https:\/\/zonaroja.com.mx\/index.php?rest_route=%2Fwp%2Fv2%2Fmedia&parent=64521"}],"wp:term":[{"taxonomy":"category","embeddable":true,"href":"https:\/\/zonaroja.com.mx\/index.php?rest_route=%2Fwp%2Fv2%2Fcategories&post=64521"},{"taxonomy":"post_tag","embeddable":true,"href":"https:\/\/zonaroja.com.mx\/index.php?rest_route=%2Fwp%2Fv2%2Ftags&post=64521"}],"curies":[{"name":"wp","href":"https:\/\/api.w.org\/{rel}","templated":true}]}}