{"id":6454,"date":"2019-12-07T20:35:28","date_gmt":"2019-12-08T02:35:28","guid":{"rendered":"http:\/\/www.zonaroja.com.mx\/?p=6454"},"modified":"2019-12-07T20:35:31","modified_gmt":"2019-12-08T02:35:31","slug":"a-complacencia-de-autoridad-ambulantaje-se-apodera-del-andador-turistico","status":"publish","type":"post","link":"https:\/\/zonaroja.com.mx\/?p=6454","title":{"rendered":"A complacencia de autoridad, ambulantaje se apodera del Andador Tur\u00edstico"},"content":{"rendered":"\n<p>Redacci\u00f3n\/Zona Roja.<\/p>\n\n\n\n<p>Oaxaca de Ju\u00e1rez, Oax., 7 de diciembre\nde 2019.- A complacencia del ayuntamiento, el Andador Tur\u00edstico del Centro\nHist\u00f3rico de la capital de Oaxaca, Patrimonio de la Humanidad, se ha convertido\nen un tianguis.<\/p>\n\n\n\n<p>Desde el jueves, decenas de puestos del\ncomercio informal fueron instalados en la primera calle de Macedonio Alcal\u00e1,\npara ofrecer ropa t\u00edpica y otras artesan\u00edas, como se da cuenta en un recorrido\nrealizado por Zona Roja.<\/p>\n\n\n\n<p>Con el aval del gobierno municipal de\nOaxaca de Ju\u00e1rez, encabezado por Oswaldo Garc\u00eda Jarqu\u00edn, decenas de puestos\nambulante uniformados por una base de madera cubierto de manta y una sombrilla\nblanca para taparse del sol, se han apoderado del espacio p\u00fablico previo a las\nfestividades decembrinas.<\/p>\n\n\n\n<p>La venta de car\u00e1cter informal lleg\u00f3 para quedarse en un andador peatonal, en perjuicio del comercio establecido y dejando reducido el paso peatonal.<\/p>\n\n\n\n<figure class=\"wp-block-embed-twitter wp-block-embed is-type-rich is-provider-twitter\"><div class=\"wp-block-embed__wrapper\">\n<div class=\"twitter-tweet\"><blockquote class=\"twitter-tweet\" data-lang=\"es\"><p lang=\"es\" dir=\"ltr\"><a href=\"https:\/\/twitter.com\/hashtag\/OaxacaGris?src=hash&amp;ref_src=twsrc%5Etfw\">#OaxacaGris<\/a><br>En lugar de abatir el ambulantaje y el comercio informal, el <a href=\"https:\/\/twitter.com\/MunicipioOaxaca?ref_src=twsrc%5Etfw\">@MunicipioOaxaca<\/a> que preside <a href=\"https:\/\/twitter.com\/oswaldogarciaj?ref_src=twsrc%5Etfw\">@oswaldogarciaj<\/a> llena ahora de puestos el Andador Tur\u00edstico de la capital, en el inicio de las fiestas decembrinas. <a href=\"https:\/\/twitter.com\/UNESCOMexico?ref_src=twsrc%5Etfw\">@UNESCOMexico<\/a>  <a href=\"https:\/\/twitter.com\/INAHmx?ref_src=twsrc%5Etfw\">@INAHmx<\/a> <a href=\"https:\/\/t.co\/t6PVu6PKzQ\">pic.twitter.com\/t6PVu6PKzQ<\/a><\/p>&mdash; Zona Roja Oaxaca (@MexRoja) <a href=\"https:\/\/twitter.com\/MexRoja\/status\/1202667562296676352?ref_src=twsrc%5Etfw\">5 de diciembre de 2019<\/a><\/blockquote><\/div>\n<\/div><\/figure>\n\n\n\n<p>De poco o nada ha servido el programa\n\u201cUn d\u00eda a la semana sin comercio en la v\u00eda p\u00fablica\u201d, anunciado por la\nadministraci\u00f3n municipal ya que el z\u00f3calo y la Alameda de Le\u00f3n, as\u00ed como sus\ncalles aleda\u00f1as mantienen presencia de puestos ambulantes como son Bustamante,\nFlores Mag\u00f3n, entre otras.<\/p>\n\n\n\n<p>La problem\u00e1tica lejos de disminuir ha\nincrementado al punto de apoderarse del emblem\u00e1tico Andador Tur\u00edstico y las\ncalles aleda\u00f1as al templo de Santo Domingo de Guzm\u00e1n, sitios de los m\u00e1s\nvisitados por las y los turistas que se dan cita en la capital oaxaque\u00f1a.<\/p>\n\n\n\n<p>Ello sin contar el comercio n\u00f3mada, de\na pie, que no cuenta con un espacio pero que est\u00e1 ah\u00ed a cada paso de las y los\ntranse\u00fantes para ofrecer desde artesan\u00edas y ropa hasta productos que pueden ser\nutilizados en el hogar, muchos de ellos s\u00f3lo una vez debido a la mala\ncalidad.&nbsp; <\/p>\n\n\n\n<p>Apenas el pasado mes de noviembre ante\nlos medios de comunicaci\u00f3n, el edil municipal, Oswaldo Garc\u00eda Jarqu\u00edn, advirti\u00f3\na las y los comerciantes para que se regularicen y trabajen conforme a la ley,\nde lo contrario ser\u00edan retirados de la v\u00eda p\u00fablica.<\/p>\n\n\n\n<p>As\u00ed mismo, inform\u00f3 que contin\u00faan retirando del z\u00f3calo y de la Alameda de Le\u00f3n a los vendedores ambulantes que no est\u00e9n al corriente con sus pagos del permiso para poder trabajar en estas zonas y a quienes no cuenten con este papel, lo cual no se traduce ni por un momento en el retiro del comercio informal, sino que refuerza su presencia al contar con un documento expedido por el municipio, el cual avala la actividad.\u00a0 <\/p>\n\n\n\n<figure class=\"wp-block-image\"><img decoding=\"async\" width=\"1024\" height=\"576\" src=\"http:\/\/www.zonaroja.com.mx\/wp-content\/uploads\/2019\/12\/Andador-Tur\u00edstico-ambulantes-1-1024x576.jpg\" alt=\"\" class=\"wp-image-6455\" srcset=\"https:\/\/zonaroja.com.mx\/wp-content\/uploads\/2019\/12\/Andador-Tur\u00edstico-ambulantes-1-1024x576.jpg 1024w, https:\/\/zonaroja.com.mx\/wp-content\/uploads\/2019\/12\/Andador-Tur\u00edstico-ambulantes-1-300x169.jpg 300w, https:\/\/zonaroja.com.mx\/wp-content\/uploads\/2019\/12\/Andador-Tur\u00edstico-ambulantes-1-768x432.jpg 768w, https:\/\/zonaroja.com.mx\/wp-content\/uploads\/2019\/12\/Andador-Tur\u00edstico-ambulantes-1-1170x658.jpg 1170w, https:\/\/zonaroja.com.mx\/wp-content\/uploads\/2019\/12\/Andador-Tur\u00edstico-ambulantes-1-585x329.jpg 585w, https:\/\/zonaroja.com.mx\/wp-content\/uploads\/2019\/12\/Andador-Tur\u00edstico-ambulantes-1.jpg 1760w\" sizes=\"(max-width: 1024px) 100vw, 1024px\" \/><\/figure>\n","protected":false},"excerpt":{"rendered":"<p>Redacci\u00f3n\/Zona Roja. Oaxaca de Ju\u00e1rez, Oax., 7 de diciembre de 2019.- A complacencia del ayuntamiento,&hellip;<\/p>\n","protected":false},"author":2,"featured_media":6456,"comment_status":"closed","ping_status":"open","sticky":false,"template":"","format":"standard","meta":{"_lmt_disableupdate":"","_lmt_disable":"","_jetpack_memberships_contains_paid_content":false,"footnotes":""},"categories":[109,47],"tags":[148],"class_list":["post-6454","post","type-post","status-publish","format-standard","has-post-thumbnail","hentry","category-minuto-a-minuto","category-zona-gris","tag-oaxaca-de-juarez"],"jetpack_featured_media_url":"https:\/\/zonaroja.com.mx\/wp-content\/uploads\/2019\/12\/Andador-Tur\u00edstico-ambulantes-2.jpg","jetpack_sharing_enabled":true,"_links":{"self":[{"href":"https:\/\/zonaroja.com.mx\/index.php?rest_route=\/wp\/v2\/posts\/6454","targetHints":{"allow":["GET"]}}],"collection":[{"href":"https:\/\/zonaroja.com.mx\/index.php?rest_route=\/wp\/v2\/posts"}],"about":[{"href":"https:\/\/zonaroja.com.mx\/index.php?rest_route=\/wp\/v2\/types\/post"}],"author":[{"embeddable":true,"href":"https:\/\/zonaroja.com.mx\/index.php?rest_route=\/wp\/v2\/users\/2"}],"replies":[{"embeddable":true,"href":"https:\/\/zonaroja.com.mx\/index.php?rest_route=%2Fwp%2Fv2%2Fcomments&post=6454"}],"version-history":[{"count":1,"href":"https:\/\/zonaroja.com.mx\/index.php?rest_route=\/wp\/v2\/posts\/6454\/revisions"}],"predecessor-version":[{"id":6457,"href":"https:\/\/zonaroja.com.mx\/index.php?rest_route=\/wp\/v2\/posts\/6454\/revisions\/6457"}],"wp:featuredmedia":[{"embeddable":true,"href":"https:\/\/zonaroja.com.mx\/index.php?rest_route=\/wp\/v2\/media\/6456"}],"wp:attachment":[{"href":"https:\/\/zonaroja.com.mx\/index.php?rest_route=%2Fwp%2Fv2%2Fmedia&parent=6454"}],"wp:term":[{"taxonomy":"category","embeddable":true,"href":"https:\/\/zonaroja.com.mx\/index.php?rest_route=%2Fwp%2Fv2%2Fcategories&post=6454"},{"taxonomy":"post_tag","embeddable":true,"href":"https:\/\/zonaroja.com.mx\/index.php?rest_route=%2Fwp%2Fv2%2Ftags&post=6454"}],"curies":[{"name":"wp","href":"https:\/\/api.w.org\/{rel}","templated":true}]}}