{"id":64552,"date":"2024-01-24T08:30:00","date_gmt":"2024-01-24T14:30:00","guid":{"rendered":"http:\/\/www.zonaroja.com.mx\/?p=64552"},"modified":"2024-01-24T07:43:50","modified_gmt":"2024-01-24T13:43:50","slug":"hallan-cadaver-de-mujer-en-tuxtepec-indagan-probable-feminicidio","status":"publish","type":"post","link":"https:\/\/zonaroja.com.mx\/?p=64552","title":{"rendered":"Hallan cad\u00e1ver de mujer en Tuxtepec; indagan probable feminicidio"},"content":{"rendered":"\n<p>Raymundo Morales\/Zona Roja.<\/p>\n\n\n\n<p>Oaxaca de Ju\u00e1rez, Oax., a 24 de enero de 2023.- El cuerpo sin vida de una mujer, con huellas de violencia, fue localizado anoche en San Juan Bautista Tuxtepec, municipio de la regi\u00f3n Cuenca de Oaxaca.<\/p>\n\n\n\n<p>De acuerdo con reportes policiacos preliminares, fue localizado en inmediaciones de la comunidad Camelia Roja y la v\u00edctima no ten\u00eda prendas de vestir; hasta el momento no se ha confirmado la forma en que perdi\u00f3 la vida.<\/p>\n\n\n\n<p>Personal de la Vicefiscal\u00eda Regional de la Cuenca inici\u00f3 las indagatorias correspondientes bajo los protocolos de feminicidio.<\/p>\n\n\n\n<p>Con este caso, suman ocho mujeres asesinadas en las tres primeras semanas del mes de enero; el m\u00e1s reciente caso ocurri\u00f3 el pasado fin de semana en la comunidad de Santiago Tilantongo, en la regi\u00f3n Mixteca, donde fue ultimada una mujer de 92 a\u00f1os de edad.<\/p>\n\n\n\n<p>Los otros casos ocurrieron el 18 de enero en Santa Mar\u00eda Colotepec; el 15 de enero en San Pedro Huilotepec; el d\u00eda 10 en la ciudad de Oaxaca; el d\u00eda 8 en Acatl\u00e1n de P\u00e9rez Figueroa; el d\u00eda 6 en Juchit\u00e1n y el d\u00eda 1 en Santa Mar\u00eda Guienagati.<\/p>\n\n\n\n<p>De acuerdo con la Fiscal\u00eda General del Estado de Oaxaca, en todos los casos las investigaciones se han iniciado bajo los protocolos de feminicidio.<\/p>\n","protected":false},"excerpt":{"rendered":"<p>Raymundo Morales\/Zona Roja. Oaxaca de Ju\u00e1rez, Oax., a 24 de enero de 2023.- El cuerpo&hellip;<\/p>\n","protected":false},"author":2,"featured_media":55667,"comment_status":"closed","ping_status":"open","sticky":false,"template":"","format":"standard","meta":{"_lmt_disableupdate":"","_lmt_disable":"","_jetpack_memberships_contains_paid_content":false,"footnotes":""},"categories":[109,51],"tags":[118],"class_list":["post-64552","post","type-post","status-publish","format-standard","has-post-thumbnail","hentry","category-minuto-a-minuto","category-zona-roja","tag-san-juan-bautista-tuxtepec"],"jetpack_featured_media_url":"https:\/\/zonaroja.com.mx\/wp-content\/uploads\/2023\/05\/Escena-del-crimen-violencia.jpg","jetpack_sharing_enabled":true,"_links":{"self":[{"href":"https:\/\/zonaroja.com.mx\/index.php?rest_route=\/wp\/v2\/posts\/64552","targetHints":{"allow":["GET"]}}],"collection":[{"href":"https:\/\/zonaroja.com.mx\/index.php?rest_route=\/wp\/v2\/posts"}],"about":[{"href":"https:\/\/zonaroja.com.mx\/index.php?rest_route=\/wp\/v2\/types\/post"}],"author":[{"embeddable":true,"href":"https:\/\/zonaroja.com.mx\/index.php?rest_route=\/wp\/v2\/users\/2"}],"replies":[{"embeddable":true,"href":"https:\/\/zonaroja.com.mx\/index.php?rest_route=%2Fwp%2Fv2%2Fcomments&post=64552"}],"version-history":[{"count":1,"href":"https:\/\/zonaroja.com.mx\/index.php?rest_route=\/wp\/v2\/posts\/64552\/revisions"}],"predecessor-version":[{"id":64553,"href":"https:\/\/zonaroja.com.mx\/index.php?rest_route=\/wp\/v2\/posts\/64552\/revisions\/64553"}],"wp:featuredmedia":[{"embeddable":true,"href":"https:\/\/zonaroja.com.mx\/index.php?rest_route=\/wp\/v2\/media\/55667"}],"wp:attachment":[{"href":"https:\/\/zonaroja.com.mx\/index.php?rest_route=%2Fwp%2Fv2%2Fmedia&parent=64552"}],"wp:term":[{"taxonomy":"category","embeddable":true,"href":"https:\/\/zonaroja.com.mx\/index.php?rest_route=%2Fwp%2Fv2%2Fcategories&post=64552"},{"taxonomy":"post_tag","embeddable":true,"href":"https:\/\/zonaroja.com.mx\/index.php?rest_route=%2Fwp%2Fv2%2Ftags&post=64552"}],"curies":[{"name":"wp","href":"https:\/\/api.w.org\/{rel}","templated":true}]}}