{"id":64559,"date":"2024-01-24T10:30:00","date_gmt":"2024-01-24T16:30:00","guid":{"rendered":"http:\/\/www.zonaroja.com.mx\/?p=64559"},"modified":"2024-01-24T08:01:26","modified_gmt":"2024-01-24T14:01:26","slug":"demandan-justicia-a-tres-anos-de-asesinato-de-activista-en-la-costa","status":"publish","type":"post","link":"https:\/\/zonaroja.com.mx\/?p=64559","title":{"rendered":"Demandan justicia, a tres a\u00f1os de asesinato de activista en la Costa"},"content":{"rendered":"\n<p>Redacci\u00f3n\/Zona Roja.<\/p>\n\n\n\n<p>Oaxaca de Ju\u00e1rez, Oax., a 24 de enero de 2024.- Despu\u00e9s de tres a\u00f1os del asesinato del defensor comunitario Fidel Heras Cruz, no hay avances en las carpetas de investigaci\u00f3n.&nbsp;<\/p>\n\n\n\n<p>\u201cHan pasado tres a\u00f1os y son tres fiscales quienes han tenido esta investigaci\u00f3n en sus manos: Rub\u00e9n Vasconcelos M\u00e9ndez, Arturo Peimbert Calvo y Bernardo Rodr\u00edguez Alamilla.&nbsp;<\/p>\n\n\n\n<p>\u201cNinguno ha hecho nada por esclarecer el crimen, a pesar de que dos de ellos, Arturo y Bernardo, tambi\u00e9n estuvieron al frente de la Defensor\u00eda de los Derechos Humanos del Pueblo de Oaxaca (DDHPO). Hasta la fecha este crimen permanece impune\u201d, dio a conocer la asociaci\u00f3n civil Servicios para una Educaci\u00f3n Alternativa (Educa).<\/p>\n\n\n\n<p>Fidel fue&nbsp;asesinado a balazos&nbsp;el 23 de enero del a\u00f1o 2021 a la altura de la entrada de la comunidad La Esperanza del municipio de Santiago Jamiltepec, Oaxaca.&nbsp;<\/p>\n\n\n\n<p>Destac\u00f3 que estaba comprometido activamente con la&nbsp;defensa del territorio y el r\u00edo \u201cVerde\u201d. Este r\u00edo atraviesa el ejido Paso de la Reyna, de su cauce una empresa privada extrae arena y grava sin permisos oficiales.&nbsp;<\/p>\n\n\n\n<p>\u201cEs muy probable que la defensa que Fidel hizo de este r\u00edo haya sido el m\u00f3vil del crimen, pues personas de la comunidad aseguraron que Fidel Heras&nbsp;hab\u00eda recibido amenazas&nbsp;dos d\u00edas antes de su muerte, pero que prefiri\u00f3 no hacerlo p\u00fablico\u201d indic\u00f3 la asociaci\u00f3n.<\/p>\n\n\n\n<p>Fidel Heras Cruz se desempe\u00f1aba como presidente del Comisariado Ejidal de&nbsp;Paso de la Reyna&nbsp;y como defensor comunitario del r\u00edo \u201cVerde\u201d. Era campesino. Hab\u00eda estado trabajando alrededor de 15 a\u00f1os en Estados Unidos y regres\u00f3 junto con su familia a dedicarse al campo.&nbsp;<\/p>\n\n\n\n<p>\u201cPudo haberse quedado en casa, cultivando su milpa y llevando una vida tranquila, sin riesgos. Pero cuando su comunidad necesit\u00f3 de su ayuda para defender el territorio y el medio ambiente, se coloc\u00f3 en la primera l\u00ednea hasta que, 14 a\u00f1os despu\u00e9s, lo mataron\u201d.<\/p>\n\n\n\n<p>Como consecuencia del asesinato de Fidel, y de los defensores&nbsp;Raymundo Robles Ria\u00f1o, No\u00e9 Robles Cruz, Gerardo Mendoza Reyes, Jaime Jim\u00e9nez Ruiz y Filogonio Mart\u00ednez Merino, varios activistas y sus familias tuvieron que emigrar a Estados Unidos y otros lugares del pa\u00eds ante la falta de procuraci\u00f3n de justicia y ante el incumplimiento de las medidas cautelares colectivas otorgadas para la comunidad de Paso de la Reyna, indic\u00f3 Educa a trav\u00e9s de un comunicado.<\/p>\n","protected":false},"excerpt":{"rendered":"<p>Redacci\u00f3n\/Zona Roja. Oaxaca de Ju\u00e1rez, Oax., a 24 de enero de 2024.- Despu\u00e9s de tres&hellip;<\/p>\n","protected":false},"author":2,"featured_media":64560,"comment_status":"closed","ping_status":"open","sticky":false,"template":"","format":"standard","meta":{"_lmt_disableupdate":"","_lmt_disable":"","_jetpack_memberships_contains_paid_content":false,"footnotes":""},"categories":[109,47],"tags":[2398,2397],"class_list":["post-64559","post","type-post","status-publish","format-standard","has-post-thumbnail","hentry","category-minuto-a-minuto","category-zona-gris","tag-fidel-heras-cruz","tag-paso-de-la-reyna-jamiltepec"],"jetpack_featured_media_url":"https:\/\/zonaroja.com.mx\/wp-content\/uploads\/2024\/01\/Fidel-Heras-Cruz-Paso-de-la-Reyna.png","jetpack_sharing_enabled":true,"_links":{"self":[{"href":"https:\/\/zonaroja.com.mx\/index.php?rest_route=\/wp\/v2\/posts\/64559","targetHints":{"allow":["GET"]}}],"collection":[{"href":"https:\/\/zonaroja.com.mx\/index.php?rest_route=\/wp\/v2\/posts"}],"about":[{"href":"https:\/\/zonaroja.com.mx\/index.php?rest_route=\/wp\/v2\/types\/post"}],"author":[{"embeddable":true,"href":"https:\/\/zonaroja.com.mx\/index.php?rest_route=\/wp\/v2\/users\/2"}],"replies":[{"embeddable":true,"href":"https:\/\/zonaroja.com.mx\/index.php?rest_route=%2Fwp%2Fv2%2Fcomments&post=64559"}],"version-history":[{"count":1,"href":"https:\/\/zonaroja.com.mx\/index.php?rest_route=\/wp\/v2\/posts\/64559\/revisions"}],"predecessor-version":[{"id":64561,"href":"https:\/\/zonaroja.com.mx\/index.php?rest_route=\/wp\/v2\/posts\/64559\/revisions\/64561"}],"wp:featuredmedia":[{"embeddable":true,"href":"https:\/\/zonaroja.com.mx\/index.php?rest_route=\/wp\/v2\/media\/64560"}],"wp:attachment":[{"href":"https:\/\/zonaroja.com.mx\/index.php?rest_route=%2Fwp%2Fv2%2Fmedia&parent=64559"}],"wp:term":[{"taxonomy":"category","embeddable":true,"href":"https:\/\/zonaroja.com.mx\/index.php?rest_route=%2Fwp%2Fv2%2Fcategories&post=64559"},{"taxonomy":"post_tag","embeddable":true,"href":"https:\/\/zonaroja.com.mx\/index.php?rest_route=%2Fwp%2Fv2%2Ftags&post=64559"}],"curies":[{"name":"wp","href":"https:\/\/api.w.org\/{rel}","templated":true}]}}