{"id":64562,"date":"2024-01-24T11:30:00","date_gmt":"2024-01-24T17:30:00","guid":{"rendered":"http:\/\/www.zonaroja.com.mx\/?p=64562"},"modified":"2024-01-24T08:03:56","modified_gmt":"2024-01-24T14:03:56","slug":"se-estrella-avion-ruso-con-65-prisioneros-ucranianos-no-hay-sobrevivientes","status":"publish","type":"post","link":"https:\/\/zonaroja.com.mx\/?p=64562","title":{"rendered":"Se estrella avi\u00f3n ruso con 65 prisioneros ucranianos; no hay sobrevivientes"},"content":{"rendered":"\n<p>Redacci\u00f3n\/Zona Roja Cdmx.<\/p>\n\n\n\n<p>Ciudad de M\u00e9xico, a 24 de enero de 2024.- Un avi\u00f3n de transporte militar ruso Il-76 con 65 prisioneros de guerra ucranianos a bordo se estrell\u00f3 este mi\u00e9rcoles en la regi\u00f3n de Belgorod, fronteriza con Ucrania, anunci\u00f3 el ministerio ruso de Defensa, seg\u00fan las agencias de prensa locales. No hubo supervivientes del accidente, dijeron las autoridades.<\/p>\n\n\n\n<p>\u201cHacia las 11h00 de Mosc\u00fa (08H00 GMT), un avi\u00f3n Il-76 se estrell\u00f3 en la regi\u00f3n de Belgorod (&#8230;) A bordo se encontraban 65 soldados prisioneros del ej\u00e9rcito ucraniano, trasladados hacia la regi\u00f3n de Belgorod con vistas a un canje, seis tripulantes y tres acompa\u00f1antes\u201d, indic\u00f3 el ministerio.<\/p>\n\n\n\n<p>El ministerio de Defensa acus\u00f3 a Kiev de derribar el avi\u00f3n. \u201cFue derribado cuando volaba del aer\u00f3dromo de Chkalovsky a Belgorod para transportar a militares ucranianos para un intercambio\u201d, dijo el ministerio, mientras que el gobernador de Belgorod, Vyacheslav Gladkov, confirm\u00f3 que \u201ctodos los que iban a bordo murieron\u201d.<\/p>\n\n\n\n<p>Vyacheslav Volodin, el principal legislador de la c\u00e1mara baja del parlamento ruso, dijo que el avi\u00f3n hab\u00eda sido \u201cderribado\u201d por Kiev y culp\u00f3 a los misiles occidentales.<\/p>\n\n\n\n<p>\u201cDispararon a sus propios soldados en el aire. A los suyos\u201d, dijo Volodin a los legisladores en una sesi\u00f3n plenaria. \u201cNuestros pilotos, que llevaban a cabo una misi\u00f3n humanitaria, fueron derribados\u201d.<\/p>\n\n\n\n<p>Un video publicado en la aplicaci\u00f3n de mensajer\u00eda Telegram por Baza, un canal vinculado a los servicios de seguridad rusos, mostraba un avi\u00f3n de gran tama\u00f1o cayendo hacia el suelo y explotando en una vasta bola de fuego.<\/p>\n\n\n\n<p>El Il-76 es un avi\u00f3n de transporte militar dise\u00f1ado para el transporte a\u00e9reo de tropas, carga, equipos militares y armas. Suele tener una tripulaci\u00f3n de cinco personas y puede transportar hasta 90 pasajeros.<\/p>\n\n\n\n<p>El accidente se produjo en el distrito de Korochansky, al noreste de la capital de la regi\u00f3n, seg\u00fan inform\u00f3 en Telegram el gobernador regional Gladkov. Dijo que iba a inspeccionar el lugar y que ya se encontraban en el lugar investigadores y personal de emergencias.<\/p>\n\n\n\n<p>(Informaci\u00f3n de Infobae M\u00e9xico)<\/p>\n","protected":false},"excerpt":{"rendered":"<p>Redacci\u00f3n\/Zona Roja Cdmx. Ciudad de M\u00e9xico, a 24 de enero de 2024.- Un avi\u00f3n de&hellip;<\/p>\n","protected":false},"author":2,"featured_media":64549,"comment_status":"closed","ping_status":"open","sticky":false,"template":"","format":"standard","meta":{"_lmt_disableupdate":"","_lmt_disable":"","_jetpack_memberships_contains_paid_content":false,"footnotes":""},"categories":[109,47],"tags":[],"class_list":["post-64562","post","type-post","status-publish","format-standard","has-post-thumbnail","hentry","category-minuto-a-minuto","category-zona-gris"],"jetpack_featured_media_url":"https:\/\/zonaroja.com.mx\/wp-content\/uploads\/2024\/01\/Avion-ruso-desplome.jpg","jetpack_sharing_enabled":true,"_links":{"self":[{"href":"https:\/\/zonaroja.com.mx\/index.php?rest_route=\/wp\/v2\/posts\/64562","targetHints":{"allow":["GET"]}}],"collection":[{"href":"https:\/\/zonaroja.com.mx\/index.php?rest_route=\/wp\/v2\/posts"}],"about":[{"href":"https:\/\/zonaroja.com.mx\/index.php?rest_route=\/wp\/v2\/types\/post"}],"author":[{"embeddable":true,"href":"https:\/\/zonaroja.com.mx\/index.php?rest_route=\/wp\/v2\/users\/2"}],"replies":[{"embeddable":true,"href":"https:\/\/zonaroja.com.mx\/index.php?rest_route=%2Fwp%2Fv2%2Fcomments&post=64562"}],"version-history":[{"count":1,"href":"https:\/\/zonaroja.com.mx\/index.php?rest_route=\/wp\/v2\/posts\/64562\/revisions"}],"predecessor-version":[{"id":64563,"href":"https:\/\/zonaroja.com.mx\/index.php?rest_route=\/wp\/v2\/posts\/64562\/revisions\/64563"}],"wp:featuredmedia":[{"embeddable":true,"href":"https:\/\/zonaroja.com.mx\/index.php?rest_route=\/wp\/v2\/media\/64549"}],"wp:attachment":[{"href":"https:\/\/zonaroja.com.mx\/index.php?rest_route=%2Fwp%2Fv2%2Fmedia&parent=64562"}],"wp:term":[{"taxonomy":"category","embeddable":true,"href":"https:\/\/zonaroja.com.mx\/index.php?rest_route=%2Fwp%2Fv2%2Fcategories&post=64562"},{"taxonomy":"post_tag","embeddable":true,"href":"https:\/\/zonaroja.com.mx\/index.php?rest_route=%2Fwp%2Fv2%2Ftags&post=64562"}],"curies":[{"name":"wp","href":"https:\/\/api.w.org\/{rel}","templated":true}]}}