{"id":64568,"date":"2024-01-24T19:32:19","date_gmt":"2024-01-25T01:32:19","guid":{"rendered":"http:\/\/www.zonaroja.com.mx\/?p=64568"},"modified":"2024-01-24T19:32:20","modified_gmt":"2024-01-25T01:32:20","slug":"incrementa-inseguridad-afuera-de-sede-del-congreso-de-oaxaca-a-luz-de-dia","status":"publish","type":"post","link":"https:\/\/zonaroja.com.mx\/?p=64568","title":{"rendered":"Incrementa inseguridad afuera de sede del Congreso de Oaxaca, a luz de d\u00eda"},"content":{"rendered":"\n<p>Yuridiana Sosa\/Zona Roja.<\/p>\n\n\n\n<p>Oaxaca de Ju\u00e1rez, Oax., a 24 de enero de 2024.- Pese a contar con servicios de seguridad privada, la inseguridad afuera de la sede del Congreso de Oaxaca se incrementa, tanto que ni la propia 65 Legislatura puede garantizar la tranquilidad para quienes visitan el recinto, como ocurri\u00f3 este mi\u00e9rcoles.<\/p>\n\n\n\n<p>En la sesi\u00f3n ordinaria, desde la tribuna, el diputado por Morena, C\u00e9sar Mateos, denunci\u00f3 el robo al veh\u00edculo del fot\u00f3grafo Filiberto Cruz Zavaleta, quien asisti\u00f3 a una exposici\u00f3n en la sede legislativa ubicada en el municipio de San Raymunda Jalpan.<br>El legislador lament\u00f3 el hecho y se\u00f1al\u00f3 que por lo menos se han registrado tres casos de inseguridad a pocos metros del acceso principal al Congreso local, en inmediaciones de las casetas de venta de comida, todos a plena luz de d\u00eda.<\/p>\n\n\n\n<p>En el caso del fot\u00f3grafo, dijo, los ladrones robaron de la camioneta la llanta de refacci\u00f3n, as\u00ed como abrieron la unidad para sustraer varias de sus pertenencias.<\/p>\n\n\n\n<p>El diputado llam\u00f3 a tomar este asunto con responsabilidad, pues consider\u00f3 que es raro que siga la inseguridad durante el d\u00eda en la zona de las casetas, por lo que recomend\u00f3 revisar videos de seguridad y tomar acciones.<\/p>\n\n\n\n<p>\u201cDebemos por lo menos garantizar la estad\u00eda de nuestros invitados\u201d, expres\u00f3 el legislador.<\/p>\n\n\n\n<p>El encargado de la seguridad al Congreso de Oaxaca es el presidente de la Mesa Directiva, Samuel Gurri\u00f3n, quien a modo de defensa manifest\u00f3 que ha solicitado la presencia de polic\u00eda en la zona e incluso esta ma\u00f1ana se realizaron rondines por varias horas.<\/p>\n\n\n\n<p>\u201cLa verdad es que es grave que en un peque\u00f1o descuido estos tipos hacen estas fechor\u00edas, pero vamos a poner m\u00e1s atenci\u00f3n al tema de la seguridad\u201d, expres\u00f3 el diputado ex priista y ahora del PVEM.<\/p>\n\n\n\n<p>Entre otro hecho de inseguridad, en agosto de 2023 se registr\u00f3 el robo violento a mano armada a la periodista Carolina Espina.<\/p>\n\n\n\n<p>La v\u00edctima indic\u00f3 que el hecho ocurri\u00f3 alrededor de las 10:00 horas, cuando al salir de un foro en el Congreso se dirigi\u00f3 a la zona de las casetas de comida.<\/p>\n\n\n\n<p>A la periodista la amagaron con un cuchillo para entregar sus pertenencias, sin que nadie la pudiera auxiliar y ante la ausencia de seguridad.<\/p>\n","protected":false},"excerpt":{"rendered":"<p>Yuridiana Sosa\/Zona Roja. Oaxaca de Ju\u00e1rez, Oax., a 24 de enero de 2024.- Pese a&hellip;<\/p>\n","protected":false},"author":2,"featured_media":44159,"comment_status":"closed","ping_status":"open","sticky":false,"template":"","format":"standard","meta":{"_lmt_disableupdate":"","_lmt_disable":"","_jetpack_memberships_contains_paid_content":false,"footnotes":""},"categories":[109,47],"tags":[2743],"class_list":["post-64568","post","type-post","status-publish","format-standard","has-post-thumbnail","hentry","category-minuto-a-minuto","category-zona-gris","tag-65-legislatura-del-estado-de-oaxaca"],"jetpack_featured_media_url":"https:\/\/zonaroja.com.mx\/wp-content\/uploads\/2022\/08\/Sede-Congreso-del-Estado-camara-de-diputados-Oaxaca.jpeg","jetpack_sharing_enabled":true,"_links":{"self":[{"href":"https:\/\/zonaroja.com.mx\/index.php?rest_route=\/wp\/v2\/posts\/64568","targetHints":{"allow":["GET"]}}],"collection":[{"href":"https:\/\/zonaroja.com.mx\/index.php?rest_route=\/wp\/v2\/posts"}],"about":[{"href":"https:\/\/zonaroja.com.mx\/index.php?rest_route=\/wp\/v2\/types\/post"}],"author":[{"embeddable":true,"href":"https:\/\/zonaroja.com.mx\/index.php?rest_route=\/wp\/v2\/users\/2"}],"replies":[{"embeddable":true,"href":"https:\/\/zonaroja.com.mx\/index.php?rest_route=%2Fwp%2Fv2%2Fcomments&post=64568"}],"version-history":[{"count":1,"href":"https:\/\/zonaroja.com.mx\/index.php?rest_route=\/wp\/v2\/posts\/64568\/revisions"}],"predecessor-version":[{"id":64569,"href":"https:\/\/zonaroja.com.mx\/index.php?rest_route=\/wp\/v2\/posts\/64568\/revisions\/64569"}],"wp:featuredmedia":[{"embeddable":true,"href":"https:\/\/zonaroja.com.mx\/index.php?rest_route=\/wp\/v2\/media\/44159"}],"wp:attachment":[{"href":"https:\/\/zonaroja.com.mx\/index.php?rest_route=%2Fwp%2Fv2%2Fmedia&parent=64568"}],"wp:term":[{"taxonomy":"category","embeddable":true,"href":"https:\/\/zonaroja.com.mx\/index.php?rest_route=%2Fwp%2Fv2%2Fcategories&post=64568"},{"taxonomy":"post_tag","embeddable":true,"href":"https:\/\/zonaroja.com.mx\/index.php?rest_route=%2Fwp%2Fv2%2Ftags&post=64568"}],"curies":[{"name":"wp","href":"https:\/\/api.w.org\/{rel}","templated":true}]}}