{"id":6458,"date":"2019-12-07T20:48:35","date_gmt":"2019-12-08T02:48:35","guid":{"rendered":"http:\/\/www.zonaroja.com.mx\/?p=6458"},"modified":"2019-12-07T20:48:38","modified_gmt":"2019-12-08T02:48:38","slug":"denuncia-periodista-de-oaxaca-que-hallanaron-su-domicilio","status":"publish","type":"post","link":"https:\/\/zonaroja.com.mx\/?p=6458","title":{"rendered":"Denuncia periodista de Oaxaca que hallanaron su domicilio"},"content":{"rendered":"\n<p>Redacci\u00f3n\/Zona Roja.<\/p>\n\n\n\n<p>Oaxaca de Ju\u00e1rez, Oax., 7 de diciembre\nde 2019.- Sujetos desconocidos hallanaron la vivienda de un periodista en\nHuajuapan de Le\u00f3n, Oaxaca, y sustrajeron diversos bienes y equipo de trabajo.<\/p>\n\n\n\n<p>V\u00eda redes sociales, la v\u00edctima,\nFrancisco Uriel Barrag\u00e1n Ortiz, jefe de noticias de la estaci\u00f3n radiof\u00f3nica \u201cLa\nGrandiosa\u201d, en la frecuencia 88.5 de FM denunci\u00f3 que los hechos sucedieron el\npasado viernes por la ma\u00f1ana.<\/p>\n\n\n\n<p>Narr\u00f3 que sali\u00f3 temprano de su hogar,\nen la agencia El Carmen, para dirigirse a sus labores y estar al pendiente del\nnoticiario; al regresar alrededor de las 9:30 horas, encontr\u00f3 roto el candado\nde la puerta de acceso a su vivienda.<\/p>\n\n\n\n<p>Tras solicitar auxilio a la polic\u00eda, se\nefectu\u00f3 una revisi\u00f3n y se hall\u00f3 que se robaron diversos equipos de su propiedad\ny pertenencias de su madre; entre ellas, una computadora port\u00e1til, c\u00e1mara\nfotogr\u00e1fica, grabadora y dinero en efectivo.<\/p>\n\n\n\n<p>Por ello, acudi\u00f3 a la Vicefiscal\u00eda\nRegional de la Mixteca, con sede en Huajuapan, a interponer su denuncia, a fin\nde que se realice una investigaci\u00f3n exhaustiva.<\/p>\n\n\n\n<p>Por su parte, organizaciones civiles,\nentre ellas Consorcio Oaxaca, exigieron al gobierno de Oaxaca una investigaci\u00f3n\npronta y expedita; asimismo, garant\u00edas para el cumplimiento de su labor period\u00edstica.<\/p>\n","protected":false},"excerpt":{"rendered":"<p>Redacci\u00f3n\/Zona Roja. Oaxaca de Ju\u00e1rez, Oax., 7 de diciembre de 2019.- Sujetos desconocidos hallanaron la&hellip;<\/p>\n","protected":false},"author":2,"featured_media":6459,"comment_status":"closed","ping_status":"open","sticky":false,"template":"","format":"standard","meta":{"_lmt_disableupdate":"","_lmt_disable":"","_jetpack_memberships_contains_paid_content":false,"footnotes":""},"categories":[109,51],"tags":[1112,594],"class_list":["post-6458","post","type-post","status-publish","format-standard","has-post-thumbnail","hentry","category-minuto-a-minuto","category-zona-roja","tag-francisco-uriel-barragan-ortiz","tag-huajuapan-de-leon"],"jetpack_featured_media_url":"https:\/\/zonaroja.com.mx\/wp-content\/uploads\/2019\/12\/Huajuapan1.png","jetpack_sharing_enabled":true,"_links":{"self":[{"href":"https:\/\/zonaroja.com.mx\/index.php?rest_route=\/wp\/v2\/posts\/6458","targetHints":{"allow":["GET"]}}],"collection":[{"href":"https:\/\/zonaroja.com.mx\/index.php?rest_route=\/wp\/v2\/posts"}],"about":[{"href":"https:\/\/zonaroja.com.mx\/index.php?rest_route=\/wp\/v2\/types\/post"}],"author":[{"embeddable":true,"href":"https:\/\/zonaroja.com.mx\/index.php?rest_route=\/wp\/v2\/users\/2"}],"replies":[{"embeddable":true,"href":"https:\/\/zonaroja.com.mx\/index.php?rest_route=%2Fwp%2Fv2%2Fcomments&post=6458"}],"version-history":[{"count":1,"href":"https:\/\/zonaroja.com.mx\/index.php?rest_route=\/wp\/v2\/posts\/6458\/revisions"}],"predecessor-version":[{"id":6460,"href":"https:\/\/zonaroja.com.mx\/index.php?rest_route=\/wp\/v2\/posts\/6458\/revisions\/6460"}],"wp:featuredmedia":[{"embeddable":true,"href":"https:\/\/zonaroja.com.mx\/index.php?rest_route=\/wp\/v2\/media\/6459"}],"wp:attachment":[{"href":"https:\/\/zonaroja.com.mx\/index.php?rest_route=%2Fwp%2Fv2%2Fmedia&parent=6458"}],"wp:term":[{"taxonomy":"category","embeddable":true,"href":"https:\/\/zonaroja.com.mx\/index.php?rest_route=%2Fwp%2Fv2%2Fcategories&post=6458"},{"taxonomy":"post_tag","embeddable":true,"href":"https:\/\/zonaroja.com.mx\/index.php?rest_route=%2Fwp%2Fv2%2Ftags&post=6458"}],"curies":[{"name":"wp","href":"https:\/\/api.w.org\/{rel}","templated":true}]}}