{"id":64580,"date":"2024-01-25T08:30:00","date_gmt":"2024-01-25T14:30:00","guid":{"rendered":"http:\/\/www.zonaroja.com.mx\/?p=64580"},"modified":"2024-01-25T07:12:35","modified_gmt":"2024-01-25T13:12:35","slug":"a-donde-hemos-llegado-arman-a-ninas-y-ninos-en-guerrero-para-enfrentar-delincuencia","status":"publish","type":"post","link":"https:\/\/zonaroja.com.mx\/?p=64580","title":{"rendered":"A d\u00f3nde hemos llegado: arman a ni\u00f1as y ni\u00f1os en Guerrero para enfrentar delincuencia"},"content":{"rendered":"\n<p>Redacci\u00f3n\/Zona Roja Cdmx.<\/p>\n\n\n\n<p>Ciudad de M\u00e9xico, a 25 de enero de 2024.- Un total de 20 menores, 15 ni\u00f1os y cinco ni\u00f1as, fueron armados y presentados como nuevos integrantes de la Coordinadora Regional de Autoridades Comunitarias de los Pueblos Fundadores (CRAC-PF), en el poblado Ayahualtempa, municipio de Jos\u00e9 Joaqu\u00edn de Herrera.<\/p>\n\n\n\n<p>Luis Morales Rojas, uno de los mandos de la&nbsp;Polic\u00eda Comunitaria, dijo que armar a los menores&nbsp;es una necesidad de las comunidades para defenderse, luego de que las autoridades los han abandonado, \u00abpoco a poco los menores ir\u00e1n entrando en el sistema de justicia y defensa de su pueblo, los de mayor edad, que oscilan entre los 15 y 16 a\u00f1os, ya cuentan con la capacidad para organizarse y montar guardias en las entradas de su localidad\u00bb.<\/p>\n\n\n\n<p>Agreg\u00f3 que, de esa manera, si a los guardias que ya son adultos \u00abnos toca salir a b\u00fasqueda o alg\u00fan operativo, ellos saben c\u00f3mo actuar\u00bb.<\/p>\n\n\n\n<p>Insisti\u00f3 en que la presentaci\u00f3n de los menores armados se debe a la falta de resultados del gobierno para buscar a cuatro integrantes de la familia Teodoro Gaspar, privada de su libertad desde el viernes pasado.<\/p>\n\n\n\n<p>Cabe recordar que&nbsp;en el 2019 se arm\u00f3 al primer grupo de ni\u00f1os, mismos que fueron presentados en la localidad de Alcozac\u00e1n, posteriormente otros 35 m\u00e1s se unieron en Ayahualtempa, \u00abhoy son 20, los que se presentaron desde el 2019, algunos, ya andan con nosotros, ya son ciudadanos, ya tienen la mayor\u00eda de edad\u00bb.<\/p>\n\n\n\n<p>La ma\u00f1ana de este mi\u00e9rcoles, los polic\u00edas comunitarios y los habitantes realizaron una asamblea para presentar a los nuevos integrantes de este cuerpo de autodefensa, 15 hombres y 5 mujeres, los m\u00e1s peque\u00f1os de 11 a\u00f1os y los m\u00e1s grandes de 15.<\/p>\n\n\n\n<p>En medio de la asamblea, los infantes realizaron una demostraci\u00f3n del adiestramiento tipo militar&nbsp;que est\u00e1n tomando, que incluye desde marcha hasta posiciones de disparo.<\/p>\n\n\n\n<p>(Informaci\u00f3n del sitio \u201cNaci\u00f3n 321\u201d)<\/p>\n","protected":false},"excerpt":{"rendered":"<p>Redacci\u00f3n\/Zona Roja Cdmx. Ciudad de M\u00e9xico, a 25 de enero de 2024.- Un total de&hellip;<\/p>\n","protected":false},"author":2,"featured_media":64581,"comment_status":"closed","ping_status":"open","sticky":false,"template":"","format":"standard","meta":{"_lmt_disableupdate":"","_lmt_disable":"","_jetpack_memberships_contains_paid_content":false,"footnotes":""},"categories":[109,47],"tags":[3823],"class_list":["post-64580","post","type-post","status-publish","format-standard","has-post-thumbnail","hentry","category-minuto-a-minuto","category-zona-gris","tag-ayahualtempa-guerrero"],"jetpack_featured_media_url":"https:\/\/zonaroja.com.mx\/wp-content\/uploads\/2024\/01\/Ninos-arma-Guerrero.jpeg","jetpack_sharing_enabled":true,"_links":{"self":[{"href":"https:\/\/zonaroja.com.mx\/index.php?rest_route=\/wp\/v2\/posts\/64580","targetHints":{"allow":["GET"]}}],"collection":[{"href":"https:\/\/zonaroja.com.mx\/index.php?rest_route=\/wp\/v2\/posts"}],"about":[{"href":"https:\/\/zonaroja.com.mx\/index.php?rest_route=\/wp\/v2\/types\/post"}],"author":[{"embeddable":true,"href":"https:\/\/zonaroja.com.mx\/index.php?rest_route=\/wp\/v2\/users\/2"}],"replies":[{"embeddable":true,"href":"https:\/\/zonaroja.com.mx\/index.php?rest_route=%2Fwp%2Fv2%2Fcomments&post=64580"}],"version-history":[{"count":1,"href":"https:\/\/zonaroja.com.mx\/index.php?rest_route=\/wp\/v2\/posts\/64580\/revisions"}],"predecessor-version":[{"id":64582,"href":"https:\/\/zonaroja.com.mx\/index.php?rest_route=\/wp\/v2\/posts\/64580\/revisions\/64582"}],"wp:featuredmedia":[{"embeddable":true,"href":"https:\/\/zonaroja.com.mx\/index.php?rest_route=\/wp\/v2\/media\/64581"}],"wp:attachment":[{"href":"https:\/\/zonaroja.com.mx\/index.php?rest_route=%2Fwp%2Fv2%2Fmedia&parent=64580"}],"wp:term":[{"taxonomy":"category","embeddable":true,"href":"https:\/\/zonaroja.com.mx\/index.php?rest_route=%2Fwp%2Fv2%2Fcategories&post=64580"},{"taxonomy":"post_tag","embeddable":true,"href":"https:\/\/zonaroja.com.mx\/index.php?rest_route=%2Fwp%2Fv2%2Ftags&post=64580"}],"curies":[{"name":"wp","href":"https:\/\/api.w.org\/{rel}","templated":true}]}}