{"id":64583,"date":"2024-01-25T09:30:00","date_gmt":"2024-01-25T15:30:00","guid":{"rendered":"http:\/\/www.zonaroja.com.mx\/?p=64583"},"modified":"2024-01-25T08:19:27","modified_gmt":"2024-01-25T14:19:27","slug":"crece-alarma-en-escuelas-de-oaxaca-con-casos-de-covid-y-enfermedades-respiratorias","status":"publish","type":"post","link":"https:\/\/zonaroja.com.mx\/?p=64583","title":{"rendered":"Crece alarma en escuelas de Oaxaca con casos de Covid y enfermedades respiratorias"},"content":{"rendered":"\n<p>Ismael Garc\u00eda M.\/Zona Roja.<\/p>\n\n\n\n<p>Oaxaca de Ju\u00e1rez, Oax., a 25 de enero de 2024.- En la capital de Oaxaca, una escuela par\u00f3 labores por tres d\u00edas, para labores de desinfecci\u00f3n ante la presencia del Covid-19 y otra m\u00e1s hizo obligatorio el uso de cubrebocas, mientras que en la Cuenca, en dos planteles aplicaron pruebas para confirmar o descartar enfermedades respiratorias.<\/p>\n\n\n\n<p>El Gobierno del Estado confirm\u00f3 que, a trav\u00e9s de los Servicios de Salud y del IEEPO, se efectuaron \u201cintervenciones\u201d en la escuela Secundaria T\u00e9cnica n\u00famero 120 y en la primaria \u201cAdolfo L\u00f3pez Mateos\u201d de San Juan Bautista Tuxtepec.<\/p>\n\n\n\n<p>En esos planteles se aplicaron 98 pruebas r\u00e1pidas en la comunidad estudiantil y personal docente para detectar casos de Covid-19 e influenza; no detall\u00f3 si hubo resultados positivos.<\/p>\n\n\n\n<p>\u201cLa dependencia reiter\u00f3 la importancia de no confiarse y fortalecer las acciones de higiene, ya que, en la temporada invernal estos padecimientos est\u00e1n presentes.<\/p>\n\n\n\n<p>\u201cExplic\u00f3 que, a trav\u00e9s del monitoreo epidemiol\u00f3gico, principalmente los virus respiratorios que est\u00e1n circulando en Oaxaca corresponden a Influenza Estacional, seguido del virus sincitial respiratorio (VSR) y en tercer lugar SARSCoV-2, por lo que no todas las personas con s\u00edntomas respiratorios corresponden a casos de coronavirus\u201d, detall\u00f3 en su comunicado.<\/p>\n\n\n\n<p>En la ciudad capital este mi\u00e9rcoles inici\u00f3 un paro de labores de tres d\u00edas en la Escuela Secundaria T\u00e9cnica n\u00famero 64, debido a la presencia de al menos 50 casos de infecciones respiratorias y uno confirmado de Covid-19.<\/p>\n\n\n\n<p>Ni los directivos del plantel y los padres de familia dieron mayor informaci\u00f3n al respecto y se limitaron a realizar labores de desinfecci\u00f3n en ese plantel, ubicado en la colonia Vicente Su\u00e1rez.<\/p>\n\n\n\n<p>Apenas el lunes, en la escuela secundaria \u201cMois\u00e9s S\u00e1enz Garza\u201d, adjunto al parque \u201cEl Llano\u201d, pidi\u00f3 a toda la poblaci\u00f3n estudiantil, acad\u00e9mica y administrativa, retomar el uso cubrebocas y el gel antibacterial, adem\u00e1s de una revisi\u00f3n exhaustiva en el acceso.<\/p>\n","protected":false},"excerpt":{"rendered":"<p>Ismael Garc\u00eda M.\/Zona Roja. Oaxaca de Ju\u00e1rez, Oax., a 25 de enero de 2024.- En&hellip;<\/p>\n","protected":false},"author":2,"featured_media":64595,"comment_status":"closed","ping_status":"open","sticky":false,"template":"","format":"standard","meta":{"_lmt_disableupdate":"","_lmt_disable":"","_jetpack_memberships_contains_paid_content":false,"footnotes":""},"categories":[109,47],"tags":[3669],"class_list":["post-64583","post","type-post","status-publish","format-standard","has-post-thumbnail","hentry","category-minuto-a-minuto","category-zona-gris","tag-covid-19"],"jetpack_featured_media_url":"https:\/\/zonaroja.com.mx\/wp-content\/uploads\/2024\/01\/SSO-Fortalece-SSO-y-IEEPO-compromiso-para-evitar-contagios-de-infecciones-respiratorias-03-5.jpg","jetpack_sharing_enabled":true,"_links":{"self":[{"href":"https:\/\/zonaroja.com.mx\/index.php?rest_route=\/wp\/v2\/posts\/64583","targetHints":{"allow":["GET"]}}],"collection":[{"href":"https:\/\/zonaroja.com.mx\/index.php?rest_route=\/wp\/v2\/posts"}],"about":[{"href":"https:\/\/zonaroja.com.mx\/index.php?rest_route=\/wp\/v2\/types\/post"}],"author":[{"embeddable":true,"href":"https:\/\/zonaroja.com.mx\/index.php?rest_route=\/wp\/v2\/users\/2"}],"replies":[{"embeddable":true,"href":"https:\/\/zonaroja.com.mx\/index.php?rest_route=%2Fwp%2Fv2%2Fcomments&post=64583"}],"version-history":[{"count":1,"href":"https:\/\/zonaroja.com.mx\/index.php?rest_route=\/wp\/v2\/posts\/64583\/revisions"}],"predecessor-version":[{"id":64585,"href":"https:\/\/zonaroja.com.mx\/index.php?rest_route=\/wp\/v2\/posts\/64583\/revisions\/64585"}],"wp:featuredmedia":[{"embeddable":true,"href":"https:\/\/zonaroja.com.mx\/index.php?rest_route=\/wp\/v2\/media\/64595"}],"wp:attachment":[{"href":"https:\/\/zonaroja.com.mx\/index.php?rest_route=%2Fwp%2Fv2%2Fmedia&parent=64583"}],"wp:term":[{"taxonomy":"category","embeddable":true,"href":"https:\/\/zonaroja.com.mx\/index.php?rest_route=%2Fwp%2Fv2%2Fcategories&post=64583"},{"taxonomy":"post_tag","embeddable":true,"href":"https:\/\/zonaroja.com.mx\/index.php?rest_route=%2Fwp%2Fv2%2Ftags&post=64583"}],"curies":[{"name":"wp","href":"https:\/\/api.w.org\/{rel}","templated":true}]}}