{"id":64592,"date":"2024-01-25T12:30:00","date_gmt":"2024-01-25T18:30:00","guid":{"rendered":"http:\/\/www.zonaroja.com.mx\/?p=64592"},"modified":"2024-01-25T08:16:52","modified_gmt":"2024-01-25T14:16:52","slug":"presidenta-de-la-cndh-pide-desaparicion-del-organismo","status":"publish","type":"post","link":"https:\/\/zonaroja.com.mx\/?p=64592","title":{"rendered":"Presidenta de la CNDH pide \u00a1desaparici\u00f3n del organismo!"},"content":{"rendered":"\n<p>Redacci\u00f3n\/Zona Roja Cdmx.<\/p>\n\n\n\n<p>Ciudad de M\u00e9xico, a 25 de enero de 2024.- Rosario Piedra Ibarra propuso este 24 de enero que la Comisi\u00f3n Nacional de los Derechos Humanos (CNDH) tambi\u00e9n sea eliminada junto con otros organismos aut\u00f3nomos, y se convierta en la Defensor\u00eda Nacional de los Derechos del Pueblo.<\/p>\n\n\n\n<p>\u201cEstamos convencidos de que es necesario que la Defensor\u00eda Nacional de los Derechos del Pueblo emerja como una instituci\u00f3n nueva\u201d, precis\u00f3 en su comparecencia ante la Comisi\u00f3n Permanente en San L\u00e1zaro.<\/p>\n\n\n\n<p>Al presentarse ante diputados y senadores, Piedra Ibarra insisti\u00f3 en que \u201cimpulsamos nuestra reforma y nos mantenemos firmes en la idea de transformar de ra\u00edz a esta Comisi\u00f3n Nacional, ya que no responde a las necesidades del pueblo mexicano\u201d.<\/p>\n\n\n\n<p>\u201cHemos hecho nuestra parte: Somos el \u00fanico \u00f3rgano constitucional aut\u00f3nomo que ha emprendido su transformaci\u00f3n por iniciativa propia para dejar atr\u00e1s ese esquema que nos impuso el neoliberalismo y crear otra instituci\u00f3n que realmente le sirva al pueblo mexicano\u201d, asever\u00f3.<\/p>\n\n\n\n<p>El presidente L\u00f3pez Obrador ya adelant\u00f3 que en su paquete de iniciativas que presentar\u00e1 el pr\u00f3ximo 5 de febrero, plantear\u00e1 eliminar a todos los organismos aut\u00f3nomos.<\/p>\n\n\n\n<p>\u201cLo que vamos a buscar es desaparecer estos organismos aut\u00f3nomos sin afectar a los trabajadores de base. Los medios que obviamente est\u00e1n en contra de esto dir\u00e1n que van a dejar sin trabajo. No, no, no vamos a despedir a nadie como era antes\u201d, coment\u00f3 en la \u2018ma\u00f1anera\u2019 del pasado 19 de enero.<\/p>\n\n\n\n<p>En esa misma conferencia, el mandatario aclar\u00f3 que su propuesta no toca a la Comisi\u00f3n Nacional de los Derechos Humanos.<\/p>\n\n\n\n<p>\u201cNo, la Comisi\u00f3n de Derechos Humanos no, no, estoy hablando de los organismos que se crearon para legalizar la corrupci\u00f3n que imperaba\u201d, subray\u00f3.<\/p>\n\n\n\n<p>Diputados y senadores de la oposici\u00f3n acusaron a Rosario Piedra Ibarra de incumplir con su principal tarea, que es \u201cponer l\u00edmites al poder\u201d.<\/p>\n\n\n\n<p>\u00bfC\u00d3MO SE CRE\u00d3?<\/p>\n\n\n\n<p>La CNDH naci\u00f3 a partir de la Direcci\u00f3n General de Derechos Humanos, fundada en febrero de 1989 aunque en ese entonces formaba parte de la Secretar\u00eda de Gobernaci\u00f3n.<\/p>\n\n\n\n<p>Fue un a\u00f1o m\u00e1s tarde, en junio de 1990, cuando se cre\u00f3 por decreto del entonces presidente Carlos Salinas de Gortari la Comisi\u00f3n Nacional de Derechos Humanos como un organismo desconcentrado de Gobernaci\u00f3n.<\/p>\n\n\n\n<p>En 1992, la Comisi\u00f3n Nacional de Derechos Humanos fue elevada a rango constitucional y pas\u00f3 a ser un organismo descentralizado \u201ccon personalidad jur\u00eddica y patrimonio propios\u201d, seg\u00fan explica la misma CNDH.<\/p>\n\n\n\n<p>\u201cFinalmente, por medio de una reforma constitucional, publicada en el Diario Oficial de la Federaci\u00f3n el 13 de septiembre de 1999, dicho Organismo Nacional se constituy\u00f3 como una instituci\u00f3n con plena autonom\u00eda de gesti\u00f3n y presupuestaria, modific\u00e1ndose la denominaci\u00f3n de Comisi\u00f3n Nacional de Derechos Humanos por la de Comisi\u00f3n Nacional de los Derechos Humanos\u201d, a\u00f1ade.<\/p>\n\n\n\n<p>(Informaci\u00f3n de \u201cEl Financiero\u201d)<\/p>\n","protected":false},"excerpt":{"rendered":"<p>Redacci\u00f3n\/Zona Roja Cdmx. Ciudad de M\u00e9xico, a 25 de enero de 2024.- Rosario Piedra Ibarra&hellip;<\/p>\n","protected":false},"author":2,"featured_media":3927,"comment_status":"closed","ping_status":"open","sticky":false,"template":"","format":"standard","meta":{"_lmt_disableupdate":"","_lmt_disable":"","_jetpack_memberships_contains_paid_content":false,"footnotes":""},"categories":[109,47],"tags":[974],"class_list":["post-64592","post","type-post","status-publish","format-standard","has-post-thumbnail","hentry","category-minuto-a-minuto","category-zona-gris","tag-cndh-comision-nacional-de-derechos-humanos"],"jetpack_featured_media_url":"https:\/\/zonaroja.com.mx\/wp-content\/uploads\/2019\/09\/cndh.jpg","jetpack_sharing_enabled":true,"_links":{"self":[{"href":"https:\/\/zonaroja.com.mx\/index.php?rest_route=\/wp\/v2\/posts\/64592","targetHints":{"allow":["GET"]}}],"collection":[{"href":"https:\/\/zonaroja.com.mx\/index.php?rest_route=\/wp\/v2\/posts"}],"about":[{"href":"https:\/\/zonaroja.com.mx\/index.php?rest_route=\/wp\/v2\/types\/post"}],"author":[{"embeddable":true,"href":"https:\/\/zonaroja.com.mx\/index.php?rest_route=\/wp\/v2\/users\/2"}],"replies":[{"embeddable":true,"href":"https:\/\/zonaroja.com.mx\/index.php?rest_route=%2Fwp%2Fv2%2Fcomments&post=64592"}],"version-history":[{"count":1,"href":"https:\/\/zonaroja.com.mx\/index.php?rest_route=\/wp\/v2\/posts\/64592\/revisions"}],"predecessor-version":[{"id":64593,"href":"https:\/\/zonaroja.com.mx\/index.php?rest_route=\/wp\/v2\/posts\/64592\/revisions\/64593"}],"wp:featuredmedia":[{"embeddable":true,"href":"https:\/\/zonaroja.com.mx\/index.php?rest_route=\/wp\/v2\/media\/3927"}],"wp:attachment":[{"href":"https:\/\/zonaroja.com.mx\/index.php?rest_route=%2Fwp%2Fv2%2Fmedia&parent=64592"}],"wp:term":[{"taxonomy":"category","embeddable":true,"href":"https:\/\/zonaroja.com.mx\/index.php?rest_route=%2Fwp%2Fv2%2Fcategories&post=64592"},{"taxonomy":"post_tag","embeddable":true,"href":"https:\/\/zonaroja.com.mx\/index.php?rest_route=%2Fwp%2Fv2%2Ftags&post=64592"}],"curies":[{"name":"wp","href":"https:\/\/api.w.org\/{rel}","templated":true}]}}