{"id":64602,"date":"2024-01-25T19:11:23","date_gmt":"2024-01-26T01:11:23","guid":{"rendered":"http:\/\/www.zonaroja.com.mx\/?p=64602"},"modified":"2024-01-25T19:11:27","modified_gmt":"2024-01-26T01:11:27","slug":"denuncian-desatencion-a-familiares-de-choferes-que-llevaron-a-migrantes-sigue-bloqueo","status":"publish","type":"post","link":"https:\/\/zonaroja.com.mx\/?p=64602","title":{"rendered":"Denuncian desatenci\u00f3n a familiares de choferes que llevaron a migrantes; sigue bloqueo"},"content":{"rendered":"\n<p>Yuridiana Sosa\/Zona Roja.<\/p>\n\n\n\n<p>Oaxaca de Ju\u00e1rez, Oax., a 25 de enero de 2024.- Una decena de choferes de la l\u00ednea \u201cIstme\u00f1os\u201d sigue retenido en el estado de Veracruz por transportar a migrantes de forma ilegal, por lo que compa\u00f1eros de la empresa y familiares instalaron un bloqueo en Juchit\u00e1n para exigir su liberaci\u00f3n.<\/p>\n\n\n\n<p>Desde las 5:00 horas, de este jueves, los transportistas de la l\u00ednea \u201cIstme\u00f1os\u201d cerraron el paso &nbsp;en la carretera Panamericana, en el punto conocido como Canal 33, en Juchit\u00e1n de Zaragoza; hasta esta noche se mantiene la protesta.<\/p>\n\n\n\n<p>Los choferes de 10 unidades fueron detenidos en Tierra Blanca, Veracruz, acusados de tr\u00e1fico ilegal de migrantes, y posteriormente trasladados a la ciudad de C\u00f3rdoba, para su proceso judicial.<\/p>\n\n\n\n<p>Sin embargo, de acuerdo a Desiderio de Gyves, presidente de la alianza del Transporte Federal en el Istmo \u2013en entrevista para W Radio Oaxaca, el gobierno de Oaxaca, por medio del delegado de Paz Social en el Istmo, Ang\u00e9lico L\u00f3pez Cort\u00e9s, contrat\u00f3 20 unidades para el traslado de migrantes al estado de Veracruz.<\/p>\n\n\n\n<p>Las unidades, por acuerdo del gobierno de Oaxaca, iban escoltadas por la Guardia Nacional para garantizar el paso de los migrantes.<\/p>\n\n\n\n<p>Indic\u00f3 que en un primer incidente, 10 unidades fueron retenidas en Acayucan, Veracruz, pero al aclarar la situaci\u00f3n, fueron liberadas, junto a sus choferes.<\/p>\n\n\n\n<p>Sin embargo, en un segundo caso, las otras 10 unidades que tomaron otra ruta, fueron las afectadas.<\/p>\n\n\n\n<p>El l\u00edder transportista indic\u00f3 que los camiones fueron escoltados hasta Palomares, de Mat\u00edas Romero, en Oaxaca.<\/p>\n\n\n\n<p>Ante esta situaci\u00f3n, los familiares y compa\u00f1eros de los choferes indicaron que no retirar\u00e1n el bloqueo hasta que sean liberados, as\u00ed como exigieron que los detenidos sean excluidos de antecedentes penales.<\/p>\n\n\n\n<p>Horas despu\u00e9s, el bloqueo se extendi\u00f3 a la desviaci\u00f3n de la comunidad de \u00c1lvaro Obreg\u00f3n.<\/p>\n\n\n\n<p>OTRAS PROTESTAS<\/p>\n\n\n\n<p>En la capital del estado, padres de familia del jard\u00edn de ni\u00f1os \u201cRosario Maza\u201d instalaron un bloqueo en la avenida San Felipe, al norte de la capital, para exigir la reconstrucci\u00f3n de una barda perimetral de una escuela.<\/p>\n\n\n\n<p>Los tutores apuntaron que desde hace cuatro a\u00f1os han solicitado esta obra, pues tambi\u00e9n es parte de la seguridad para los menores de edad.<\/p>\n\n\n\n<p>Por otra parte, integrantes del Sindicato de Trabajadores y Empleados (STEUABJO), iniciaron con sus actividades de protesta para exigir, como cada a\u00f1o, mejora salarial y atenci\u00f3n a su pliego de demandas, por lo que paralizaron las actividades de la Universidad.<\/p>\n","protected":false},"excerpt":{"rendered":"<p>Yuridiana Sosa\/Zona Roja. Oaxaca de Ju\u00e1rez, Oax., a 25 de enero de 2024.- Una decena&hellip;<\/p>\n","protected":false},"author":2,"featured_media":64604,"comment_status":"closed","ping_status":"open","sticky":false,"template":"","format":"standard","meta":{"_lmt_disableupdate":"","_lmt_disable":"","_jetpack_memberships_contains_paid_content":false,"footnotes":""},"categories":[109,47],"tags":[2264],"class_list":["post-64602","post","type-post","status-publish","format-standard","has-post-thumbnail","hentry","category-minuto-a-minuto","category-zona-gris","tag-bloqueos-y-protestas-oaxaca"],"jetpack_featured_media_url":"https:\/\/zonaroja.com.mx\/wp-content\/uploads\/2024\/01\/Bloqueo-Istmo-autobuses-istmenos-.jpg","jetpack_sharing_enabled":true,"_links":{"self":[{"href":"https:\/\/zonaroja.com.mx\/index.php?rest_route=\/wp\/v2\/posts\/64602","targetHints":{"allow":["GET"]}}],"collection":[{"href":"https:\/\/zonaroja.com.mx\/index.php?rest_route=\/wp\/v2\/posts"}],"about":[{"href":"https:\/\/zonaroja.com.mx\/index.php?rest_route=\/wp\/v2\/types\/post"}],"author":[{"embeddable":true,"href":"https:\/\/zonaroja.com.mx\/index.php?rest_route=\/wp\/v2\/users\/2"}],"replies":[{"embeddable":true,"href":"https:\/\/zonaroja.com.mx\/index.php?rest_route=%2Fwp%2Fv2%2Fcomments&post=64602"}],"version-history":[{"count":1,"href":"https:\/\/zonaroja.com.mx\/index.php?rest_route=\/wp\/v2\/posts\/64602\/revisions"}],"predecessor-version":[{"id":64605,"href":"https:\/\/zonaroja.com.mx\/index.php?rest_route=\/wp\/v2\/posts\/64602\/revisions\/64605"}],"wp:featuredmedia":[{"embeddable":true,"href":"https:\/\/zonaroja.com.mx\/index.php?rest_route=\/wp\/v2\/media\/64604"}],"wp:attachment":[{"href":"https:\/\/zonaroja.com.mx\/index.php?rest_route=%2Fwp%2Fv2%2Fmedia&parent=64602"}],"wp:term":[{"taxonomy":"category","embeddable":true,"href":"https:\/\/zonaroja.com.mx\/index.php?rest_route=%2Fwp%2Fv2%2Fcategories&post=64602"},{"taxonomy":"post_tag","embeddable":true,"href":"https:\/\/zonaroja.com.mx\/index.php?rest_route=%2Fwp%2Fv2%2Ftags&post=64602"}],"curies":[{"name":"wp","href":"https:\/\/api.w.org\/{rel}","templated":true}]}}