{"id":64606,"date":"2024-01-25T20:23:22","date_gmt":"2024-01-26T02:23:22","guid":{"rendered":"http:\/\/www.zonaroja.com.mx\/?p=64606"},"modified":"2024-01-25T20:23:24","modified_gmt":"2024-01-26T02:23:24","slug":"recupera-oaxaca-niveles-de-ocupacion-y-empleo-al-cierre-del-2023-inegi","status":"publish","type":"post","link":"https:\/\/zonaroja.com.mx\/?p=64606","title":{"rendered":"Recupera Oaxaca niveles de ocupaci\u00f3n y empleo al cierre del 2023: Inegi"},"content":{"rendered":"\n<p>Yuridiana Sosa\/Zona Roja.<\/p>\n\n\n\n<p>Oaxaca de Ju\u00e1rez, Oax., 25 de enero de 2024.- Oaxaca cerr\u00f3 el 2023 como la segunda entidad &nbsp;con la tasa m\u00e1s alta de la Poblaci\u00f3n Econ\u00f3micamente Activa (PEA), recuperando puntos en comparaci\u00f3n al mes anterior.<\/p>\n\n\n\n<p>La Encuesta Nacional de Ocupaci\u00f3n y Empleo (ENOE), del Instituto Nacional de Estad\u00edstica y Geograf\u00eda (INEGI), report\u00f3 que en diciembre Oaxaca present\u00f3 98.8 por ciento en la tasa de ocupaci\u00f3n.<\/p>\n\n\n\n<p>El dato m\u00e1s reciente representa un alza en comparaci\u00f3n a noviembre, cuando arroj\u00f3 una tasa de ocupaci\u00f3n del 97.9 por ciento, cuando cay\u00f3 al sexto lugar en la lista nacional.<\/p>\n\n\n\n<p>A su vez, la cifra de diciembre de 2023 tambi\u00e9n se encuentra por encima de la tasa registrada en diciembre de 2022, con 98.9 por ciento; en ambos casos, la entidad oaxaque\u00f1a ocup\u00f3 el segundo sitio de la lista nacional, por debajo de Morelos con 99.1 y Guerrero,99.3 &nbsp;por ciento respectivamente.<\/p>\n\n\n\n<p>El Inegi indic\u00f3 que los datos agrupan el comportamiento laboral de la poblaci\u00f3n econ\u00f3micamente activa, la ocupaci\u00f3n, la informalidad laboral, la subocupaci\u00f3n y la desocupaci\u00f3n.<\/p>\n\n\n\n<p>NACIONAL<\/p>\n\n\n\n<p>La poblaci\u00f3n econ\u00f3micamente activa (PEA) en diciembre fue de 60.7 millones de personas, lo que implic\u00f3 una tasa de participaci\u00f3n de 59.9 por ciento, superior en 1.1 millones de personas a la de diciembre de 2022.<\/p>\n\n\n\n<p>La poblaci\u00f3n no econ\u00f3micamente activa fue de 40.7 millones de personas, 472 mil personas m\u00e1s que en el \u00faltimo mes de 2022.<\/p>\n\n\n\n<p>Mientras que las personas subocupadas \u2014las que declararon tener necesidad y disponibilidad para trabajar m\u00e1s horas\u2014 fueron 4.5 millones, 7.6 por ciento de la poblaci\u00f3n ocupada.<\/p>\n\n\n\n<p>Esto signific\u00f3 un aumento de 309 mil personas con relaci\u00f3n al mismo mes de un a\u00f1o antes.<\/p>\n","protected":false},"excerpt":{"rendered":"<p>Yuridiana Sosa\/Zona Roja. Oaxaca de Ju\u00e1rez, Oax., 25 de enero de 2024.- Oaxaca cerr\u00f3 el&hellip;<\/p>\n","protected":false},"author":2,"featured_media":62724,"comment_status":"closed","ping_status":"open","sticky":false,"template":"","format":"standard","meta":{"_lmt_disableupdate":"","_lmt_disable":"","_jetpack_memberships_contains_paid_content":false,"footnotes":""},"categories":[109,46],"tags":[3825],"class_list":["post-64606","post","type-post","status-publish","format-standard","has-post-thumbnail","hentry","category-minuto-a-minuto","category-zona-blanca","tag-poblacion-economicamente-activa-pea"],"jetpack_featured_media_url":"https:\/\/zonaroja.com.mx\/wp-content\/uploads\/2023\/12\/Ocupacion-y-empleo-.jpg","jetpack_sharing_enabled":true,"_links":{"self":[{"href":"https:\/\/zonaroja.com.mx\/index.php?rest_route=\/wp\/v2\/posts\/64606","targetHints":{"allow":["GET"]}}],"collection":[{"href":"https:\/\/zonaroja.com.mx\/index.php?rest_route=\/wp\/v2\/posts"}],"about":[{"href":"https:\/\/zonaroja.com.mx\/index.php?rest_route=\/wp\/v2\/types\/post"}],"author":[{"embeddable":true,"href":"https:\/\/zonaroja.com.mx\/index.php?rest_route=\/wp\/v2\/users\/2"}],"replies":[{"embeddable":true,"href":"https:\/\/zonaroja.com.mx\/index.php?rest_route=%2Fwp%2Fv2%2Fcomments&post=64606"}],"version-history":[{"count":1,"href":"https:\/\/zonaroja.com.mx\/index.php?rest_route=\/wp\/v2\/posts\/64606\/revisions"}],"predecessor-version":[{"id":64607,"href":"https:\/\/zonaroja.com.mx\/index.php?rest_route=\/wp\/v2\/posts\/64606\/revisions\/64607"}],"wp:featuredmedia":[{"embeddable":true,"href":"https:\/\/zonaroja.com.mx\/index.php?rest_route=\/wp\/v2\/media\/62724"}],"wp:attachment":[{"href":"https:\/\/zonaroja.com.mx\/index.php?rest_route=%2Fwp%2Fv2%2Fmedia&parent=64606"}],"wp:term":[{"taxonomy":"category","embeddable":true,"href":"https:\/\/zonaroja.com.mx\/index.php?rest_route=%2Fwp%2Fv2%2Fcategories&post=64606"},{"taxonomy":"post_tag","embeddable":true,"href":"https:\/\/zonaroja.com.mx\/index.php?rest_route=%2Fwp%2Fv2%2Ftags&post=64606"}],"curies":[{"name":"wp","href":"https:\/\/api.w.org\/{rel}","templated":true}]}}