{"id":64608,"date":"2024-01-25T21:11:03","date_gmt":"2024-01-26T03:11:03","guid":{"rendered":"http:\/\/www.zonaroja.com.mx\/?p=64608"},"modified":"2024-01-25T21:11:05","modified_gmt":"2024-01-26T03:11:05","slug":"alerta-onu-por-desapariciones-y-ataques-a-la-prensa-en-mexico","status":"publish","type":"post","link":"https:\/\/zonaroja.com.mx\/?p=64608","title":{"rendered":"Alerta ONU por desapariciones y ataques a la prensa en M\u00e9xico"},"content":{"rendered":"\n<p>Redacci\u00f3n\/Zona Roja Cdmx.<\/p>\n\n\n\n<p>Ciudad de M\u00e9xico, a 25 de enero de 2024.- La situaci\u00f3n de inseguridad, las desapariciones y la violencia contra periodistas y defensores de derechos humanos hicieron un fuerte eco en el Consejo de Derechos Humanos de la Organizaci\u00f3n de las Naciones Unidas (ONU).<\/p>\n\n\n\n<p>Por un lado, durante la revisi\u00f3n de la cuarta ronda del Examen Peri\u00f3dico Universal (EPU) de M\u00e9xico, al menos 30 pa\u00edses hicieron alguna recomendaci\u00f3n para que el pa\u00eds combata las desapariciones.<\/p>\n\n\n\n<p>Al respecto, la representaci\u00f3n de Canad\u00e1 se\u00f1al\u00f3 que es necesario que M\u00e9xico garantice el registro s\u00f3lido de v\u00edctimas de este delito.<\/p>\n\n\n\n<p>\u201cRecomendamos, primero, que M\u00e9xico garantice que el Registro Nacional de Personas Desaparecidas sea preciso, exacto y transparente para atender las desapariciones forzadas y la crisis forense\u201d, apunt\u00f3 la representaci\u00f3n del pa\u00eds norteamericano.<\/p>\n\n\n\n<p>Al respecto, Joel Hern\u00e1ndez, subsecretario de Asuntos Multilaterales y Derechos Humanos de la Canciller\u00eda mexicana, reconoci\u00f3 que las desapariciones forzadas son un tema que M\u00e9xico tiene pendiente.<\/p>\n\n\n\n<p>Sin embargo, sostuvo que el gobierno mantiene un di\u00e1logo permanente con la ONU para abordar este tema, adem\u00e1s de que se le est\u00e1n otorgando recursos y se est\u00e1n llevando a cabo esfuerzos para darle seguimiento a las v\u00edctimas.<\/p>\n\n\n\n<p>Asimismo, aplaudi\u00f3 el rol que han jugado los tribunales, ya que, entre las acciones que implementa el Estado mexicano para combatir este crimen, se cuenta con \u201clas sentencias y resoluciones dictadas por el PJF, que incorporan est\u00e1ndares internacionales relevantes\u201d.<\/p>\n\n\n\n<p>Al seguir con el EPU, al menos 25 pa\u00edses expresaron su preocupaci\u00f3n por la violencia que sufren periodistas y defensores de derechos humanos en M\u00e9xico.<\/p>\n\n\n\n<p>Sobre este punto, la representaci\u00f3n de Estados Unidos asever\u00f3 que \u201cnos preocupan las amenazas a la libertad de los periodistas\u201d.<\/p>\n\n\n\n<p>En este punto, incluso Venezuela plante\u00f3 a M\u00e9xico que es necesario trabajar en este \u00e1mbito. Al reclamo se uni\u00f3 el representante de Ir\u00e1n, que dijo: \u201cQuisi\u00e9ramos expresar preocupaciones por las restricciones no justificadas que se han impuesto al ejercicio de la libertad de expresi\u00f3n y al derecho a la participaci\u00f3n pol\u00edtica en M\u00e9xico\u201d.<\/p>\n\n\n\n<p>Por otra parte, tanto Costa Rica como Pa\u00edses Bajos pidieron al Estado mexicano investigar el uso de softwares, como Pegasus, que son utilizados para vigilar a civiles.<\/p>\n\n\n\n<p>HAY LIBERTAD<\/p>\n\n\n\n<p>Al respecto, Roberto de Le\u00f3n, director general de Derechos Humanos y Democracia de la SRE, asever\u00f3 que en M\u00e9xico hay libertad de expresi\u00f3n, y sostuvo que en este sexenio se ha aumentado 125 por ciento el presupuesto para el mecanismo de protecci\u00f3n a periodistas.<\/p>\n\n\n\n<p>Lo que De Le\u00f3n Huerta dej\u00f3 fuera en su intervenci\u00f3n es que durante este sexenio tambi\u00e9n han muerto 57 periodistas, de acuerdo con el observatorio de la UNESCO, ni que M\u00e9xico es considerado uno de los pa\u00edses m\u00e1s peligrosos para los trabajadores de medios.<\/p>\n\n\n\n<p>En cuanto al uso de tecnolog\u00edas para espiar a civiles, la representaci\u00f3n de M\u00e9xico no dijo ni una sola palabra en su defensa.<\/p>\n\n\n\n<p>Al hablar sobre seguridad, Reino Unido recomend\u00f3 a M\u00e9xico emprender un camino para que la Guardia Nacional sea civil.<\/p>\n\n\n\n<p>Por otra parte, Australia pidi\u00f3 a M\u00e9xico garantizar la rendici\u00f3n de cuentas y la transparencia en las Fuerzas Armadas, mientras que Nueva Zelanda aconsej\u00f3 que los militares ya no se encarguen de controlar la migraci\u00f3n.<\/p>\n\n\n\n<p>Otro tema relevante fue presentado por la delegaci\u00f3n de Chile, que recomend\u00f3 eliminar la figura del arraigo. A esto, la senadora Nestora Salgado respondi\u00f3 que \u201chemos estado a punto de aprobar (la eliminaci\u00f3n), pero no se ha podido\u201d.<\/p>\n\n\n\n<p>(Informaci\u00f3n de \u201cLa Jornada\u201d)<\/p>\n","protected":false},"excerpt":{"rendered":"<p>Redacci\u00f3n\/Zona Roja Cdmx. Ciudad de M\u00e9xico, a 25 de enero de 2024.- La situaci\u00f3n de&hellip;<\/p>\n","protected":false},"author":2,"featured_media":55148,"comment_status":"closed","ping_status":"open","sticky":false,"template":"","format":"standard","meta":{"_lmt_disableupdate":"","_lmt_disable":"","_jetpack_memberships_contains_paid_content":false,"footnotes":""},"categories":[109,47],"tags":[],"class_list":["post-64608","post","type-post","status-publish","format-standard","has-post-thumbnail","hentry","category-minuto-a-minuto","category-zona-gris"],"jetpack_featured_media_url":"https:\/\/zonaroja.com.mx\/wp-content\/uploads\/2023\/05\/Asesinatos-periodistas-prensa-agresiones-Mexico.jpeg","jetpack_sharing_enabled":true,"_links":{"self":[{"href":"https:\/\/zonaroja.com.mx\/index.php?rest_route=\/wp\/v2\/posts\/64608","targetHints":{"allow":["GET"]}}],"collection":[{"href":"https:\/\/zonaroja.com.mx\/index.php?rest_route=\/wp\/v2\/posts"}],"about":[{"href":"https:\/\/zonaroja.com.mx\/index.php?rest_route=\/wp\/v2\/types\/post"}],"author":[{"embeddable":true,"href":"https:\/\/zonaroja.com.mx\/index.php?rest_route=\/wp\/v2\/users\/2"}],"replies":[{"embeddable":true,"href":"https:\/\/zonaroja.com.mx\/index.php?rest_route=%2Fwp%2Fv2%2Fcomments&post=64608"}],"version-history":[{"count":1,"href":"https:\/\/zonaroja.com.mx\/index.php?rest_route=\/wp\/v2\/posts\/64608\/revisions"}],"predecessor-version":[{"id":64610,"href":"https:\/\/zonaroja.com.mx\/index.php?rest_route=\/wp\/v2\/posts\/64608\/revisions\/64610"}],"wp:featuredmedia":[{"embeddable":true,"href":"https:\/\/zonaroja.com.mx\/index.php?rest_route=\/wp\/v2\/media\/55148"}],"wp:attachment":[{"href":"https:\/\/zonaroja.com.mx\/index.php?rest_route=%2Fwp%2Fv2%2Fmedia&parent=64608"}],"wp:term":[{"taxonomy":"category","embeddable":true,"href":"https:\/\/zonaroja.com.mx\/index.php?rest_route=%2Fwp%2Fv2%2Fcategories&post=64608"},{"taxonomy":"post_tag","embeddable":true,"href":"https:\/\/zonaroja.com.mx\/index.php?rest_route=%2Fwp%2Fv2%2Ftags&post=64608"}],"curies":[{"name":"wp","href":"https:\/\/api.w.org\/{rel}","templated":true}]}}