{"id":64611,"date":"2024-01-25T21:45:20","date_gmt":"2024-01-26T03:45:20","guid":{"rendered":"http:\/\/www.zonaroja.com.mx\/?p=64611"},"modified":"2024-01-25T21:45:22","modified_gmt":"2024-01-26T03:45:22","slug":"en-dia-naranja-matan-a-una-mujer-en-pinotepa-oaxaca-van-nueve-este-mes","status":"publish","type":"post","link":"https:\/\/zonaroja.com.mx\/?p=64611","title":{"rendered":"En D\u00eda Naranja, matan a una mujer en Pinotepa, Oaxaca; van nueve este mes"},"content":{"rendered":"\n<p>Ismael Garc\u00eda M.\/Zona Roja. Foto:&nbsp;<\/p>\n\n\n\n<p>Oaxaca de Ju\u00e1rez, Oax., a 25 de noviembre de 2024.- En el llamado D\u00eda Naranja, en que se promueve el respeto a la mujer y el rechazo a la violencia de g\u00e9nero, una femenina fue asesinada a balazos en Santiago Pinotepa Nacional, municipio de la regi\u00f3n Costa de Oaxaca.<\/p>\n\n\n\n<p>El crimen ocurri\u00f3 esta noche en el interior de una tienda de autoservicio denominada \u201cS\u00faper OK\u201d, en la calle 5 Sur de la colonia 5 de Mayo, en el centro de dicha ciudad colindante con el estado de Guerrero, en que adem\u00e1s result\u00f3 lesionado un individuo.<\/p>\n\n\n\n<p>De acuerdo con los reportes policiacos, al menos dos sujetos ingresaron al establecimiento y dispararon de manera directa en contra de quienes se encontraban en el lugar, entre ellos la empleada Antonia P. S. R., de 38 a\u00f1os de edad.<\/p>\n\n\n\n<p>Mientras que un menor de 12 a\u00f1os de edad, fue trasladado grave a un hospital cercano de Pinotepa Nacional; los agresores lograron huir. La Vicefiscal\u00eda Regional de la Costa inici\u00f3 las indagatorias correspondientes.<\/p>\n\n\n\n<p>Con el caso de Pinotepa, suman nueve mujeres asesinadas durante este mes de enero, en su mayor\u00eda por disparos de arma de fuego.<\/p>\n\n\n\n<p>EN SUPERCARRETERA<\/p>\n\n\n\n<p>Por otra parte, en la supercarretera Oaxaca-Cuacnopalan, tramo San Pablo Coatl\u00e1n-San Francisco Coatl\u00e1n, un hombre fue asesinado a balazos este jueves, cuando se trasladaba a bordo de un veh\u00edculo compacto.<\/p>\n\n\n\n<p>Seg\u00fan los datos preliminares, se llam\u00f3 en vida Edy V. R., de 50 a\u00f1os de edad, y era trabajador de la empresa Cocotal, responsable de los trabajos de la supercarretera.<\/p>\n\n\n\n<p>Los sujetos armados lograron huir de la zona, tras ejecutar al individuo que qued\u00f3 en el interior de su unidad de motor.<\/p>\n","protected":false},"excerpt":{"rendered":"<p>Ismael Garc\u00eda M.\/Zona Roja. Foto:&nbsp; Oaxaca de Ju\u00e1rez, Oax., a 25 de noviembre de 2024.-&hellip;<\/p>\n","protected":false},"author":2,"featured_media":64612,"comment_status":"closed","ping_status":"open","sticky":false,"template":"","format":"standard","meta":{"_lmt_disableupdate":"","_lmt_disable":"","_jetpack_memberships_contains_paid_content":false,"footnotes":""},"categories":[109,51],"tags":[916],"class_list":["post-64611","post","type-post","status-publish","format-standard","has-post-thumbnail","hentry","category-minuto-a-minuto","category-zona-roja","tag-pinotepa-nacional"],"jetpack_featured_media_url":"https:\/\/zonaroja.com.mx\/wp-content\/uploads\/2024\/01\/Ejecutada-feminicidio-Pinotepa-Nacional.jpg","jetpack_sharing_enabled":true,"_links":{"self":[{"href":"https:\/\/zonaroja.com.mx\/index.php?rest_route=\/wp\/v2\/posts\/64611","targetHints":{"allow":["GET"]}}],"collection":[{"href":"https:\/\/zonaroja.com.mx\/index.php?rest_route=\/wp\/v2\/posts"}],"about":[{"href":"https:\/\/zonaroja.com.mx\/index.php?rest_route=\/wp\/v2\/types\/post"}],"author":[{"embeddable":true,"href":"https:\/\/zonaroja.com.mx\/index.php?rest_route=\/wp\/v2\/users\/2"}],"replies":[{"embeddable":true,"href":"https:\/\/zonaroja.com.mx\/index.php?rest_route=%2Fwp%2Fv2%2Fcomments&post=64611"}],"version-history":[{"count":1,"href":"https:\/\/zonaroja.com.mx\/index.php?rest_route=\/wp\/v2\/posts\/64611\/revisions"}],"predecessor-version":[{"id":64613,"href":"https:\/\/zonaroja.com.mx\/index.php?rest_route=\/wp\/v2\/posts\/64611\/revisions\/64613"}],"wp:featuredmedia":[{"embeddable":true,"href":"https:\/\/zonaroja.com.mx\/index.php?rest_route=\/wp\/v2\/media\/64612"}],"wp:attachment":[{"href":"https:\/\/zonaroja.com.mx\/index.php?rest_route=%2Fwp%2Fv2%2Fmedia&parent=64611"}],"wp:term":[{"taxonomy":"category","embeddable":true,"href":"https:\/\/zonaroja.com.mx\/index.php?rest_route=%2Fwp%2Fv2%2Fcategories&post=64611"},{"taxonomy":"post_tag","embeddable":true,"href":"https:\/\/zonaroja.com.mx\/index.php?rest_route=%2Fwp%2Fv2%2Ftags&post=64611"}],"curies":[{"name":"wp","href":"https:\/\/api.w.org\/{rel}","templated":true}]}}