{"id":64614,"date":"2024-01-25T22:03:25","date_gmt":"2024-01-26T04:03:25","guid":{"rendered":"http:\/\/www.zonaroja.com.mx\/?p=64614"},"modified":"2024-01-25T22:03:26","modified_gmt":"2024-01-26T04:03:26","slug":"exhorta-congreso-de-oaxaca-indagar-y-sancionar-violencia-en-normal-de-tamazulaoam","status":"publish","type":"post","link":"https:\/\/zonaroja.com.mx\/?p=64614","title":{"rendered":"Exhorta Congreso de Oaxaca indagar y sancionar violencia en Normal de Tamazul\u00e1oam"},"content":{"rendered":"\n<p>Redacci\u00f3n\/Zona Roja.<\/p>\n\n\n\n<p>Oaxaca de Ju\u00e1rez, Oax., a 25 de enero de 2024.- El Congreso de Oaxaca exhorta a las autoridades educativas a investigar y sancionar a quienes resulten responsables de los actos violentos ocurridos en la Escuela Normal Rural Vanguardia de Tamazul\u00e1pam del Progreso.&nbsp;<\/p>\n\n\n\n<p>El 18 de enero, al interior de esa instituci\u00f3n educativa ubicada en la regi\u00f3n de la Mixteca, se suscit\u00f3 una agresi\u00f3n presuntamente provocada por alumnas de cuarto a\u00f1o en contra de una de sus compa\u00f1eras del tercer grado, resultando con lesiones graves, adem\u00e1s de ser rociada con un l\u00edquido y amenazada con ser quemada.<\/p>\n\n\n\n<p>Aunado a este caso, alumnas del plantel educativo se\u00f1alaron que son v\u00edctimas de acoso escolar, maltrato f\u00edsico y psicol\u00f3gico por parte de un grupo de compa\u00f1eras que presuntamente buscan tener el control dentro de la escuela normal a trav\u00e9s del Comit\u00e9 Estudiantil.<\/p>\n\n\n\n<p>\u00abEn el caso de nuestro pa\u00eds, la violencia en las escuelas es cada vez m\u00e1s grave y va en incremento, como ocurri\u00f3 en la Escuela Normal Rural Vanguardia de Tamazul\u00e1pam del Progreso, donde varias alumnas resultaron heridas con lesiones\u00bb, plasma el punto de acuerdo presentado por las diputadas Eva Diego Cruz y Elvia Gabriela P\u00e9rez L\u00f3pez, as\u00ed como el diputado Samuel Gurri\u00f3n Mat\u00edas, del Grupo Parlamentario del Partido Verde Ecologista de M\u00e9xico.<\/p>\n\n\n\n<p>Es importante se\u00f1alar, que, dentro de las causas asociadas con la violencia escolar, pueden encontrarse: el predominio de la violencia entre los alumnos, maestros, padres de familia o directivos, ante el desconocimiento de formas eficaces para resolver conflictos; insuficiencia de informaci\u00f3n sobre los tipos y los efectos de la violencia; la ausencia de mecanismos eficaces o protocolos para prevenir y erradicar la violencia.<\/p>\n\n\n\n<p>Este tipo de violencia, agrega el documento legislativo, conlleva a que las autoridades educativas, deban realizar acciones que comprometen a autoridades federales y locales al combate de la violencia en las instituciones escolares, ya que \u00e9sta, tiene un grave impacto en el ejercicio de los derechos humanos de las personas, y que en el caso de los estudiantes puede generar desde un bajo rendimiento acad\u00e9mico, hasta deserci\u00f3n escolar e incluso suicidios.<\/p>\n\n\n\n<p>Derivado de ello, el Pleno de la 65 Legislatura local aprob\u00f3 con 22 votos a favor el punto de acuerdo, de urgente y obvia resoluci\u00f3n.<\/p>\n","protected":false},"excerpt":{"rendered":"<p>Redacci\u00f3n\/Zona Roja. Oaxaca de Ju\u00e1rez, Oax., a 25 de enero de 2024.- El Congreso de&hellip;<\/p>\n","protected":false},"author":2,"featured_media":64615,"comment_status":"closed","ping_status":"open","sticky":false,"template":"","format":"standard","meta":{"_lmt_disableupdate":"","_lmt_disable":"","_jetpack_memberships_contains_paid_content":false,"footnotes":""},"categories":[109,47],"tags":[759],"class_list":["post-64614","post","type-post","status-publish","format-standard","has-post-thumbnail","hentry","category-minuto-a-minuto","category-zona-gris","tag-escuela-normal-vanguardia-de-tamazulapam"],"jetpack_featured_media_url":"https:\/\/zonaroja.com.mx\/wp-content\/uploads\/2024\/01\/Normal-Vanguardia-Tamazulapam.jpeg","jetpack_sharing_enabled":true,"_links":{"self":[{"href":"https:\/\/zonaroja.com.mx\/index.php?rest_route=\/wp\/v2\/posts\/64614","targetHints":{"allow":["GET"]}}],"collection":[{"href":"https:\/\/zonaroja.com.mx\/index.php?rest_route=\/wp\/v2\/posts"}],"about":[{"href":"https:\/\/zonaroja.com.mx\/index.php?rest_route=\/wp\/v2\/types\/post"}],"author":[{"embeddable":true,"href":"https:\/\/zonaroja.com.mx\/index.php?rest_route=\/wp\/v2\/users\/2"}],"replies":[{"embeddable":true,"href":"https:\/\/zonaroja.com.mx\/index.php?rest_route=%2Fwp%2Fv2%2Fcomments&post=64614"}],"version-history":[{"count":1,"href":"https:\/\/zonaroja.com.mx\/index.php?rest_route=\/wp\/v2\/posts\/64614\/revisions"}],"predecessor-version":[{"id":64616,"href":"https:\/\/zonaroja.com.mx\/index.php?rest_route=\/wp\/v2\/posts\/64614\/revisions\/64616"}],"wp:featuredmedia":[{"embeddable":true,"href":"https:\/\/zonaroja.com.mx\/index.php?rest_route=\/wp\/v2\/media\/64615"}],"wp:attachment":[{"href":"https:\/\/zonaroja.com.mx\/index.php?rest_route=%2Fwp%2Fv2%2Fmedia&parent=64614"}],"wp:term":[{"taxonomy":"category","embeddable":true,"href":"https:\/\/zonaroja.com.mx\/index.php?rest_route=%2Fwp%2Fv2%2Fcategories&post=64614"},{"taxonomy":"post_tag","embeddable":true,"href":"https:\/\/zonaroja.com.mx\/index.php?rest_route=%2Fwp%2Fv2%2Ftags&post=64614"}],"curies":[{"name":"wp","href":"https:\/\/api.w.org\/{rel}","templated":true}]}}