{"id":64617,"date":"2024-01-26T06:58:40","date_gmt":"2024-01-26T12:58:40","guid":{"rendered":"http:\/\/www.zonaroja.com.mx\/?p=64617"},"modified":"2024-01-26T06:58:41","modified_gmt":"2024-01-26T12:58:41","slug":"otra-vez-salina-cruz-ejecutan-a-balazos-a-dos-personas","status":"publish","type":"post","link":"https:\/\/zonaroja.com.mx\/?p=64617","title":{"rendered":"Otra vez Salina Cruz: ejecutan a balazos a dos personas\u00a0"},"content":{"rendered":"\n<p>Ismael Garc\u00eda M.\/Zona Roja.<\/p>\n\n\n\n<p>Oaxaca de Ju\u00e1rez, Oax., a 26 de enero de 2024.- La violencia criminal recrudeci\u00f3 anoche en el municipio de Salina Cruz, con dos personas ejecutadas a balazos.<\/p>\n\n\n\n<p>Cerca de la media noche de ayer, en la calle Las Pilas de la colonia San Pablo Sur, se registr\u00f3 un primer ataque armado en contra del ocupante de una unidad de motor, con saldo de una persona fallecida, identificada de manera preliminar como Alfredo P.<\/p>\n\n\n\n<p>Minutos despu\u00e9s corporaciones policiacas recibieron el reporte de otra agresi\u00f3n a balazos, ahora en la calle Hidalgo de la colonia Hidalgo Oriente, donde fue ultimado un individuo identificado hasta el momento con el seud\u00f3nimo de \u201cEl Cumbias\u201d.<\/p>\n\n\n\n<p>En ambos casos personal param\u00e9dico de la Comisi\u00f3n Nacional de Emergencias arrib\u00f3 al sitio para brindar los primeros auxilios, pero corrobor\u00f3 que los cuerpos ya no contaban con signos vitales.<\/p>\n\n\n\n<p>Tambi\u00e9n en los dos hechos criminales, no hubo personas detenidas, pues elementos de la polic\u00eda municipal arribaron tarde a la zona de los hechos y despu\u00e9s \u00fanicamente se dedicaron a resguardar la escena.<\/p>\n\n\n\n<p>Personal de la Vicefiscal\u00eda Regional del Istmo, dependiente de la Fiscal\u00eda General del Estado de Oaxaca, inici\u00f3 la carpeta de investigaci\u00f3n correspondiente, para dar con el paradero de los homicidas.<\/p>\n\n\n\n<p>Mientras tanto, el presidente municipal Daniel M\u00e9ndez Sosa, surgido del Partido Morena, acudi\u00f3 a una fiesta y baile organizado por la Secci\u00f3n 38 del Sindicato de Petroleros, en el marco del 35 aniversario del gremio.<\/p>\n\n\n\n<p>\u201cMuchas felicidades a todos y sigamos juntos construyendo un mejor pa\u00eds\u201d, poste\u00f3 el edil, quien busca la reelecci\u00f3n en el cargo.<\/p>\n","protected":false},"excerpt":{"rendered":"<p>Ismael Garc\u00eda M.\/Zona Roja. Oaxaca de Ju\u00e1rez, Oax., a 26 de enero de 2024.- La&hellip;<\/p>\n","protected":false},"author":2,"featured_media":64618,"comment_status":"closed","ping_status":"open","sticky":false,"template":"","format":"standard","meta":{"_lmt_disableupdate":"","_lmt_disable":"","_jetpack_memberships_contains_paid_content":false,"footnotes":""},"categories":[109,51],"tags":[168],"class_list":["post-64617","post","type-post","status-publish","format-standard","has-post-thumbnail","hentry","category-minuto-a-minuto","category-zona-roja","tag-salina-cruz"],"jetpack_featured_media_url":"https:\/\/zonaroja.com.mx\/wp-content\/uploads\/2024\/01\/Ejecutado-Salina-CRuz-.jpg","jetpack_sharing_enabled":true,"_links":{"self":[{"href":"https:\/\/zonaroja.com.mx\/index.php?rest_route=\/wp\/v2\/posts\/64617","targetHints":{"allow":["GET"]}}],"collection":[{"href":"https:\/\/zonaroja.com.mx\/index.php?rest_route=\/wp\/v2\/posts"}],"about":[{"href":"https:\/\/zonaroja.com.mx\/index.php?rest_route=\/wp\/v2\/types\/post"}],"author":[{"embeddable":true,"href":"https:\/\/zonaroja.com.mx\/index.php?rest_route=\/wp\/v2\/users\/2"}],"replies":[{"embeddable":true,"href":"https:\/\/zonaroja.com.mx\/index.php?rest_route=%2Fwp%2Fv2%2Fcomments&post=64617"}],"version-history":[{"count":1,"href":"https:\/\/zonaroja.com.mx\/index.php?rest_route=\/wp\/v2\/posts\/64617\/revisions"}],"predecessor-version":[{"id":64619,"href":"https:\/\/zonaroja.com.mx\/index.php?rest_route=\/wp\/v2\/posts\/64617\/revisions\/64619"}],"wp:featuredmedia":[{"embeddable":true,"href":"https:\/\/zonaroja.com.mx\/index.php?rest_route=\/wp\/v2\/media\/64618"}],"wp:attachment":[{"href":"https:\/\/zonaroja.com.mx\/index.php?rest_route=%2Fwp%2Fv2%2Fmedia&parent=64617"}],"wp:term":[{"taxonomy":"category","embeddable":true,"href":"https:\/\/zonaroja.com.mx\/index.php?rest_route=%2Fwp%2Fv2%2Fcategories&post=64617"},{"taxonomy":"post_tag","embeddable":true,"href":"https:\/\/zonaroja.com.mx\/index.php?rest_route=%2Fwp%2Fv2%2Ftags&post=64617"}],"curies":[{"name":"wp","href":"https:\/\/api.w.org\/{rel}","templated":true}]}}