{"id":64628,"date":"2024-01-26T10:30:00","date_gmt":"2024-01-26T16:30:00","guid":{"rendered":"http:\/\/www.zonaroja.com.mx\/?p=64628"},"modified":"2024-01-26T07:47:29","modified_gmt":"2024-01-26T13:47:29","slug":"comerciantes-denuncian-posible-desalojo-de-plaza-y-presuntos-cobros-irregulares","status":"publish","type":"post","link":"https:\/\/zonaroja.com.mx\/?p=64628","title":{"rendered":"Comerciantes denuncian posible desalojo de plaza y presuntos cobros irregulares"},"content":{"rendered":"\n<p>Yuridiana Sosa\/Zona Roja.<\/p>\n\n\n\n<p>Oaxaca de Ju\u00e1rez, Oax., 26 de enero de 2024.- Comerciantes de la plaza \u201cHermanos Flores Mag\u00f3n\u201d, en el centro de la capital, denunciaron la presunta intenci\u00f3n del gobierno de Francisco Mart\u00ednez Neri de desalojarlos de ese espacio habilitado hace menos de un a\u00f1o para albergar a vendedores en v\u00eda p\u00fablica y emprendedores.<\/p>\n\n\n\n<p>En conferencia de prensa, los afectados apuntaron que interpusieron un amparo en los juzgados federales y una queja ante la Defensor\u00eda de los Derechos Humanos del Pueblo de Oaxaca (DDHPO) para evitar mayores afectaciones por parte de la autoridad municipal.<\/p>\n\n\n\n<p>Los comerciantes se\u00f1alaron que existe incertidumbre sobre su estancia en la plaza, ello a pesar que desde hace varios meses pagan mensualmente por uso de suelo, mil 500 pesos, adem\u00e1s de haber efectuado un pago de dos mil 500 pesos por inicio de operaciones.<\/p>\n\n\n\n<p>Para defender ese espacio, 36 comerciantes se agruparon, en su mayor\u00eda mujeres emprendedoras.<\/p>\n\n\n\n<p>Recordaron que en junio de 2022 el ayuntamiento lanz\u00f3 la convocatoria para que las personas dedicadas a las ventas en v\u00eda p\u00fablica o emprendedora pudieran ocupar un espacio.<\/p>\n\n\n\n<p>Para evitar un desalojo, los comerciantes cambiaron las chapas de la plaza.<\/p>\n\n\n\n<p>ENGA\u00d1OS<\/p>\n\n\n\n<p>Desde el inicio de la operatividad de esta plaza existieron irregularidades, pues el ayuntamiento se comprometi\u00f3 a entregar habilitado este lugar, con cupo para 80 comercios, pero no fue as\u00ed.<\/p>\n\n\n\n<p>&nbsp;Fueron los propios comerciantes los encargados de instalar sus propias casetas; algunos con inversiones que superan los 100 mil pesos.<\/p>\n\n\n\n<p>Denunciaron malos manejos y enga\u00f1os cometidos por Alejandro Garc\u00eda Pe\u00f1a, director de an\u00e1lisis y seguimiento pol\u00edtico social y de su subordinado, &nbsp;Gilberto Mendoza, &nbsp;administrador de esa plaza.<\/p>\n\n\n\n<p>A estos actos se suma la directora de mercados, Amira Mart\u00ednez Cruz, quien les inform\u00f3 el 14 de noviembre que desde ese momento ya formaba parte del padr\u00f3n de mercados y por ese motivo los pagos por los derechos de uso de piso ser\u00edan directamente en la Tesorer\u00eda.<\/p>\n\n\n\n<p>Dichos pagos, apuntaron, representaban certeza para permanecer en ese espacio como comerciantes establecidos.<\/p>\n\n\n\n<p>Los vendedores exigieron al presidente municipal, Francisco Mart\u00ednez Neri, revisar este caso y garantizar su estancia en el plaza, as\u00ed como darles certeza laboral.<\/p>\n","protected":false},"excerpt":{"rendered":"<p>Yuridiana Sosa\/Zona Roja. Oaxaca de Ju\u00e1rez, Oax., 26 de enero de 2024.- Comerciantes de la&hellip;<\/p>\n","protected":false},"author":2,"featured_media":64629,"comment_status":"closed","ping_status":"open","sticky":false,"template":"","format":"standard","meta":{"_lmt_disableupdate":"","_lmt_disable":"","_jetpack_memberships_contains_paid_content":false,"footnotes":""},"categories":[109,47],"tags":[148],"class_list":["post-64628","post","type-post","status-publish","format-standard","has-post-thumbnail","hentry","category-minuto-a-minuto","category-zona-gris","tag-oaxaca-de-juarez"],"jetpack_featured_media_url":"https:\/\/zonaroja.com.mx\/wp-content\/uploads\/2024\/01\/Conferencia-de-prensa-plaza-comercial-Oaxaca.jpg","jetpack_sharing_enabled":true,"_links":{"self":[{"href":"https:\/\/zonaroja.com.mx\/index.php?rest_route=\/wp\/v2\/posts\/64628","targetHints":{"allow":["GET"]}}],"collection":[{"href":"https:\/\/zonaroja.com.mx\/index.php?rest_route=\/wp\/v2\/posts"}],"about":[{"href":"https:\/\/zonaroja.com.mx\/index.php?rest_route=\/wp\/v2\/types\/post"}],"author":[{"embeddable":true,"href":"https:\/\/zonaroja.com.mx\/index.php?rest_route=\/wp\/v2\/users\/2"}],"replies":[{"embeddable":true,"href":"https:\/\/zonaroja.com.mx\/index.php?rest_route=%2Fwp%2Fv2%2Fcomments&post=64628"}],"version-history":[{"count":1,"href":"https:\/\/zonaroja.com.mx\/index.php?rest_route=\/wp\/v2\/posts\/64628\/revisions"}],"predecessor-version":[{"id":64630,"href":"https:\/\/zonaroja.com.mx\/index.php?rest_route=\/wp\/v2\/posts\/64628\/revisions\/64630"}],"wp:featuredmedia":[{"embeddable":true,"href":"https:\/\/zonaroja.com.mx\/index.php?rest_route=\/wp\/v2\/media\/64629"}],"wp:attachment":[{"href":"https:\/\/zonaroja.com.mx\/index.php?rest_route=%2Fwp%2Fv2%2Fmedia&parent=64628"}],"wp:term":[{"taxonomy":"category","embeddable":true,"href":"https:\/\/zonaroja.com.mx\/index.php?rest_route=%2Fwp%2Fv2%2Fcategories&post=64628"},{"taxonomy":"post_tag","embeddable":true,"href":"https:\/\/zonaroja.com.mx\/index.php?rest_route=%2Fwp%2Fv2%2Ftags&post=64628"}],"curies":[{"name":"wp","href":"https:\/\/api.w.org\/{rel}","templated":true}]}}