{"id":64639,"date":"2024-01-26T17:36:00","date_gmt":"2024-01-26T23:36:00","guid":{"rendered":"http:\/\/www.zonaroja.com.mx\/?p=64639"},"modified":"2024-01-26T16:40:08","modified_gmt":"2024-01-26T22:40:08","slug":"otra-vez-una-presidenta-de-san-jacinto-amilpas-ejerce-violencia-politica-de-genero-teeo","status":"publish","type":"post","link":"https:\/\/zonaroja.com.mx\/?p=64639","title":{"rendered":"Otra vez, una presidenta \u00a0de San Jacinto Amilpas ejerce violencia pol\u00edtica de g\u00e9nero: TEEO"},"content":{"rendered":"\n<p>Yuridiana Sosa\/Zona Roja.&nbsp;<\/p>\n\n\n\n<p>Oaxaca de Ju\u00e1rez, Oax., 26 de enero de 2024.- El Tribunal Electoral del Estado de Oaxaca (TEEO) declar\u00f3 \u00a0que la presidenta municipal de San Jacinta Amilpas, Gabriela D\u00edaz P\u00e9rez, cometi\u00f3 violencia pol\u00edtica en raz\u00f3n de g\u00e9nero en contra de regidoras de este ayuntamiento.<\/p>\n\n\n\n<p>La edil, del partido Morena, incurri\u00f3 en los mismos actos que su antecesora Yolanda Santos -actual funcionaria del gobierno- cometi\u00f3 contra integrantes mujeres de su cabildo.<\/p>\n\n\n\n<p>Incluso, por esos actos en la pasada administraci\u00f3n, D\u00edaz P\u00e9rez -como representante del gobierno municipal- ofreci\u00f3 &nbsp;en mayo de 2021 disculpas p\u00fablicas a las dos ex regidoras v\u00edctimas de violencia pol\u00edtica de g\u00e9nero en cumplimiento con la resoluci\u00f3n emitida por el&nbsp;Tribunal Electoral del Poder Judicial de la Federaci\u00f3n&nbsp;(TEPJF).<\/p>\n\n\n\n<p>Pese a ese antecedente, la actual presidenta incurri\u00f3 en actos contra los derechos pol\u00edticos de funcionarias y funcionarios.<\/p>\n\n\n\n<p>El TEEO se\u00f1al\u00f3 que los actos de obstaculizaci\u00f3n al ejercicio del cargo acreditados las ha invisibilizado, ello en atenci\u00f3n al contexto pues se les identifica como un grupo que no es af\u00edn a la presidenta, que a su vez se configura en violencia simb\u00f3lica patrimonial y verbal.<\/p>\n\n\n\n<p>Por esa falta, el Tribunal del estado orden\u00f3 a la autoridad municipal restituirlas en sus derechos pol\u00edticos electorales y dictar medidas de reparaci\u00f3n integral a su favor.<\/p>\n\n\n\n<p>En este mismo caso, asentado en el expediente JDC\/180\/2023, el TEEO determin\u00f3 que Gabriela D\u00edaz tambi\u00e9n ejerci\u00f3 violencia pol\u00edtica contra el s\u00edndico municipal.<\/p>\n","protected":false},"excerpt":{"rendered":"<p>Yuridiana Sosa\/Zona Roja.&nbsp; Oaxaca de Ju\u00e1rez, Oax., 26 de enero de 2024.- El Tribunal Electoral&hellip;<\/p>\n","protected":false},"author":2,"featured_media":64640,"comment_status":"closed","ping_status":"open","sticky":false,"template":"","format":"standard","meta":{"_lmt_disableupdate":"","_lmt_disable":"","_jetpack_memberships_contains_paid_content":false,"footnotes":""},"categories":[109,47],"tags":[3826,77],"class_list":["post-64639","post","type-post","status-publish","format-standard","has-post-thumbnail","hentry","category-minuto-a-minuto","category-zona-gris","tag-gabriela-diaz-perez","tag-san-jacinto-amilpas"],"jetpack_featured_media_url":"https:\/\/zonaroja.com.mx\/wp-content\/uploads\/2024\/01\/Gabriela-Diaz-Perez.jpg","jetpack_sharing_enabled":true,"_links":{"self":[{"href":"https:\/\/zonaroja.com.mx\/index.php?rest_route=\/wp\/v2\/posts\/64639","targetHints":{"allow":["GET"]}}],"collection":[{"href":"https:\/\/zonaroja.com.mx\/index.php?rest_route=\/wp\/v2\/posts"}],"about":[{"href":"https:\/\/zonaroja.com.mx\/index.php?rest_route=\/wp\/v2\/types\/post"}],"author":[{"embeddable":true,"href":"https:\/\/zonaroja.com.mx\/index.php?rest_route=\/wp\/v2\/users\/2"}],"replies":[{"embeddable":true,"href":"https:\/\/zonaroja.com.mx\/index.php?rest_route=%2Fwp%2Fv2%2Fcomments&post=64639"}],"version-history":[{"count":1,"href":"https:\/\/zonaroja.com.mx\/index.php?rest_route=\/wp\/v2\/posts\/64639\/revisions"}],"predecessor-version":[{"id":64641,"href":"https:\/\/zonaroja.com.mx\/index.php?rest_route=\/wp\/v2\/posts\/64639\/revisions\/64641"}],"wp:featuredmedia":[{"embeddable":true,"href":"https:\/\/zonaroja.com.mx\/index.php?rest_route=\/wp\/v2\/media\/64640"}],"wp:attachment":[{"href":"https:\/\/zonaroja.com.mx\/index.php?rest_route=%2Fwp%2Fv2%2Fmedia&parent=64639"}],"wp:term":[{"taxonomy":"category","embeddable":true,"href":"https:\/\/zonaroja.com.mx\/index.php?rest_route=%2Fwp%2Fv2%2Fcategories&post=64639"},{"taxonomy":"post_tag","embeddable":true,"href":"https:\/\/zonaroja.com.mx\/index.php?rest_route=%2Fwp%2Fv2%2Ftags&post=64639"}],"curies":[{"name":"wp","href":"https:\/\/api.w.org\/{rel}","templated":true}]}}