{"id":64642,"date":"2024-01-26T16:44:51","date_gmt":"2024-01-26T22:44:51","guid":{"rendered":"http:\/\/www.zonaroja.com.mx\/?p=64642"},"modified":"2024-01-26T16:44:52","modified_gmt":"2024-01-26T22:44:52","slug":"invierten-mas-de-23-mdp-en-obras-publicas-de-impacto-en-santa-lucia-del-camino","status":"publish","type":"post","link":"https:\/\/zonaroja.com.mx\/?p=64642","title":{"rendered":"Invierten \u00a0m\u00e1s de 23 MDP en obras p\u00fablicas de impacto en Santa Luc\u00eda del Camino"},"content":{"rendered":"\n<p>Yuridiana Sosa\/Zona Roja.<\/p>\n\n\n\n<p>Oaxaca de Ju\u00e1rez, Oax., a 26 de enero de 2024.- El presidente municipal de Santa Luc\u00eda del Camino, Juan Carlos Garc\u00eda M\u00e1rquez, dio el banderazo de inicio a dos obras de impacto que se desarrollar\u00e1n en este municipio con una inversi\u00f3n total de m\u00e1s de &nbsp;23 millones de pesos.<\/p>\n\n\n\n<p>Con una inversi\u00f3n conjunta con el gobierno del estado, la administraci\u00f3n actual municipal inici\u00f3 las obras de la primera etapa de la construcci\u00f3n del sistema de drenaje sanitario y pavimentaci\u00f3n con concreto hidr\u00e1ulico en la avenida L\u00e1zaro C\u00e1rdenas, lo que representa un monto de 20 millones 412 mil 527 pesos.&nbsp;<\/p>\n\n\n\n<p>Garc\u00eda M\u00e1rquez, en compa\u00f1\u00eda del titular de la Secretar\u00eda de las Infraestructuras, &nbsp;Netzahualc\u00f3yotl Salvatierra L\u00f3pez y autoridades auxiliares, tambi\u00e9n dio el banderazo de inicio de obra rehabilitaci\u00f3n del pavimento con concreto hidr\u00e1ulico, en la colonia Guelatao, con una inversi\u00f3n de m\u00e1s de 3.5 millones de pesos.&nbsp;<\/p>\n\n\n\n<p>El edil de Santa Luc\u00eda del Camino se\u00f1al\u00f3 que las obras son posibles por la colaboraci\u00f3n presupuestal del gobernador Salom\u00f3n Jara, pues tan s\u00f3lo en 2023 se recibieron poco m\u00e1s de 19 millones de pesos del Ramo 33 para cumplir con las necesidades de todas las poblaciones.<\/p>\n\n\n\n<p>Garc\u00eda M\u00e1rquez dijo que aunque en Santa Luc\u00eda del Camino se ha avanzado en diferentes rubros, la atenci\u00f3n de avenidas y calles es importante y forma parte de los compromisos con la ciudadan\u00eda.<\/p>\n\n\n\n<p>El Secretario de las Infraestructuras, &nbsp;Netzahualc\u00f3yotl Salvatierra L\u00f3pez, resalt\u00f3 la colaboraci\u00f3n de ambos gobiernos para sacar adelante los proyectos, que en este caso &nbsp;son de soluci\u00f3n t\u00e9cnica a largo plazo y no como un remedio.<\/p>\n\n\n\n<p>Para el desarrollo de las obras agradeci\u00f3 por anticipado la paciencia de los ciudadanos para que se lleven a cabo.<\/p>\n","protected":false},"excerpt":{"rendered":"<p>Yuridiana Sosa\/Zona Roja. Oaxaca de Ju\u00e1rez, Oax., a 26 de enero de 2024.- El presidente&hellip;<\/p>\n","protected":false},"author":2,"featured_media":64643,"comment_status":"closed","ping_status":"open","sticky":false,"template":"","format":"standard","meta":{"_lmt_disableupdate":"","_lmt_disable":"","_jetpack_memberships_contains_paid_content":false,"footnotes":""},"categories":[109,46],"tags":[337],"class_list":["post-64642","post","type-post","status-publish","format-standard","has-post-thumbnail","hentry","category-minuto-a-minuto","category-zona-blanca","tag-santa-lucia-del-camino"],"jetpack_featured_media_url":"https:\/\/zonaroja.com.mx\/wp-content\/uploads\/2024\/01\/Obras-Santa-Lucia-del-Camino.jpg","jetpack_sharing_enabled":true,"_links":{"self":[{"href":"https:\/\/zonaroja.com.mx\/index.php?rest_route=\/wp\/v2\/posts\/64642","targetHints":{"allow":["GET"]}}],"collection":[{"href":"https:\/\/zonaroja.com.mx\/index.php?rest_route=\/wp\/v2\/posts"}],"about":[{"href":"https:\/\/zonaroja.com.mx\/index.php?rest_route=\/wp\/v2\/types\/post"}],"author":[{"embeddable":true,"href":"https:\/\/zonaroja.com.mx\/index.php?rest_route=\/wp\/v2\/users\/2"}],"replies":[{"embeddable":true,"href":"https:\/\/zonaroja.com.mx\/index.php?rest_route=%2Fwp%2Fv2%2Fcomments&post=64642"}],"version-history":[{"count":1,"href":"https:\/\/zonaroja.com.mx\/index.php?rest_route=\/wp\/v2\/posts\/64642\/revisions"}],"predecessor-version":[{"id":64644,"href":"https:\/\/zonaroja.com.mx\/index.php?rest_route=\/wp\/v2\/posts\/64642\/revisions\/64644"}],"wp:featuredmedia":[{"embeddable":true,"href":"https:\/\/zonaroja.com.mx\/index.php?rest_route=\/wp\/v2\/media\/64643"}],"wp:attachment":[{"href":"https:\/\/zonaroja.com.mx\/index.php?rest_route=%2Fwp%2Fv2%2Fmedia&parent=64642"}],"wp:term":[{"taxonomy":"category","embeddable":true,"href":"https:\/\/zonaroja.com.mx\/index.php?rest_route=%2Fwp%2Fv2%2Fcategories&post=64642"},{"taxonomy":"post_tag","embeddable":true,"href":"https:\/\/zonaroja.com.mx\/index.php?rest_route=%2Fwp%2Fv2%2Ftags&post=64642"}],"curies":[{"name":"wp","href":"https:\/\/api.w.org\/{rel}","templated":true}]}}