{"id":64656,"date":"2024-01-27T07:17:20","date_gmt":"2024-01-27T13:17:20","guid":{"rendered":"http:\/\/www.zonaroja.com.mx\/?p=64656"},"modified":"2024-01-27T07:17:22","modified_gmt":"2024-01-27T13:17:22","slug":"diputada-luisa-cortes-busca-senado-por-morena","status":"publish","type":"post","link":"https:\/\/zonaroja.com.mx\/?p=64656","title":{"rendered":"Diputada Luisa Cort\u00e9s busca Senado por Morena"},"content":{"rendered":"\n<p>Redacci\u00f3n\/Zona Roja.<\/p>\n\n\n\n<p>Oaxaca de Ju\u00e1rez, Oax., a 27 de enero de 2024.- La diputada local por el Partido Morena, Luisa Cort\u00e9s Garc\u00eda, dio a conocer que se inscribi\u00f3 para buscar la candidatura al Senado de la Rep\u00fablica.<\/p>\n\n\n\n<p>Entrevistada en Radio ORO por Humberto Cruz Mat\u00edas, destac\u00f3 que cuenta con una trayectoria amplia y es una de las fundadoras del movimiento que inici\u00f3 el hoy Presidente Andr\u00e9s Manuel L\u00f3pez Obrador.<\/p>\n\n\n\n<p>Confi\u00f3 en que podr\u00e1 lograr la nominaci\u00f3n, pues tiene el respaldo de las bases morenistas, al ser tambi\u00e9n una de las fundadoras de Morena en la entidad oaxaque\u00f1a.<\/p>\n\n\n\n<p>Dijo que se requiere de hombres y particularmente mujeres, capaces de continuar la transformaci\u00f3n del pa\u00eds, para colaborar desde del Poder Legislativo federal, en la consolidaci\u00f3n de la Cuarta Transformaci\u00f3n.<\/p>\n\n\n\n<p>Luisa Cort\u00e9s es originaria de Miahuatl\u00e1n de Porfirio D\u00edaz, egresada del Instituto Polit\u00e9cnico Nacional en Topograf\u00eda y fue la \u00fanica mujer de su carrera en su generaci\u00f3n.&nbsp;<\/p>\n\n\n\n<p>Expuso que desde la universidad se fue formado en la izquierda de M\u00e9xico, participando en actividades sociales-estudiantiles.<\/p>\n\n\n\n<p>Por su lucha social, fue designada la primera presidenta de Morena en Oaxaca, de 2012 a 2015; la lucha en el movimiento la inici\u00f3 en 2010 cuando Morena era una asociaci\u00f3n civil.<br>Asimismo, durante el 2009 y el 2012 camino el estado junto con Andr\u00e9s Manuel L\u00f3pez Obrador.<br>Adem\u00e1s, encabezo la primera asamblea para que Morena fuera partido, la cual se organiz\u00f3 en Oaxaca, apoyando despu\u00e9s a realizar las mismas en otros estados.&nbsp;<\/p>\n\n\n\n<p>Luisa Cort\u00e9s indic\u00f3 que es tiempo de las mujeres en M\u00e9xico no s\u00f3lo en la Presidencia de la Rep\u00fablica, sino en todos los espacios de la vida p\u00fablica del pa\u00eds, pues han demostrado que tienen capacidad y talento para gobernar.<\/p>\n\n\n\n<p>Por lo que confi\u00f3 en que saldr\u00e1 elegida en la encuesta que realiza el Partido Morena.<\/p>\n","protected":false},"excerpt":{"rendered":"<p>Redacci\u00f3n\/Zona Roja. Oaxaca de Ju\u00e1rez, Oax., a 27 de enero de 2024.- La diputada local&hellip;<\/p>\n","protected":false},"author":2,"featured_media":64653,"comment_status":"closed","ping_status":"open","sticky":false,"template":"","format":"standard","meta":{"_lmt_disableupdate":"","_lmt_disable":"","_jetpack_memberships_contains_paid_content":false,"footnotes":""},"categories":[109,46],"tags":[3827],"class_list":["post-64656","post","type-post","status-publish","format-standard","has-post-thumbnail","hentry","category-minuto-a-minuto","category-zona-blanca","tag-luisa-cortes-garcia"],"jetpack_featured_media_url":"https:\/\/zonaroja.com.mx\/wp-content\/uploads\/2024\/01\/Luisa-Cortes-Garcia.jpg","jetpack_sharing_enabled":true,"_links":{"self":[{"href":"https:\/\/zonaroja.com.mx\/index.php?rest_route=\/wp\/v2\/posts\/64656","targetHints":{"allow":["GET"]}}],"collection":[{"href":"https:\/\/zonaroja.com.mx\/index.php?rest_route=\/wp\/v2\/posts"}],"about":[{"href":"https:\/\/zonaroja.com.mx\/index.php?rest_route=\/wp\/v2\/types\/post"}],"author":[{"embeddable":true,"href":"https:\/\/zonaroja.com.mx\/index.php?rest_route=\/wp\/v2\/users\/2"}],"replies":[{"embeddable":true,"href":"https:\/\/zonaroja.com.mx\/index.php?rest_route=%2Fwp%2Fv2%2Fcomments&post=64656"}],"version-history":[{"count":1,"href":"https:\/\/zonaroja.com.mx\/index.php?rest_route=\/wp\/v2\/posts\/64656\/revisions"}],"predecessor-version":[{"id":64657,"href":"https:\/\/zonaroja.com.mx\/index.php?rest_route=\/wp\/v2\/posts\/64656\/revisions\/64657"}],"wp:featuredmedia":[{"embeddable":true,"href":"https:\/\/zonaroja.com.mx\/index.php?rest_route=\/wp\/v2\/media\/64653"}],"wp:attachment":[{"href":"https:\/\/zonaroja.com.mx\/index.php?rest_route=%2Fwp%2Fv2%2Fmedia&parent=64656"}],"wp:term":[{"taxonomy":"category","embeddable":true,"href":"https:\/\/zonaroja.com.mx\/index.php?rest_route=%2Fwp%2Fv2%2Fcategories&post=64656"},{"taxonomy":"post_tag","embeddable":true,"href":"https:\/\/zonaroja.com.mx\/index.php?rest_route=%2Fwp%2Fv2%2Ftags&post=64656"}],"curies":[{"name":"wp","href":"https:\/\/api.w.org\/{rel}","templated":true}]}}