{"id":64658,"date":"2024-01-27T10:00:00","date_gmt":"2024-01-27T16:00:00","guid":{"rendered":"http:\/\/www.zonaroja.com.mx\/?p=64658"},"modified":"2024-01-27T07:22:40","modified_gmt":"2024-01-27T13:22:40","slug":"rescatan-cinco-cuerpos-arrastrados-tras-intensas-lluvias-en-tijuana","status":"publish","type":"post","link":"https:\/\/zonaroja.com.mx\/?p=64658","title":{"rendered":"Rescatan cinco cuerpos arrastrados tras intensas lluvias en Tijuana"},"content":{"rendered":"\n<p>Redacci\u00f3n\/Zona Roja Cdmx.<\/p>\n\n\n\n<p>Ciudad de M\u00e9xico, a 27 de enero de 2024.- Los restos de cinco personas fueron localizados en la colonia Granjas Familiares por integrantes del colectivo Todos Somos Erick Carrillo, que se\u00f1alaron que las lluvias habr\u00edan arrastrado los cuerpos.<\/p>\n\n\n\n<p>En una jornada de b\u00fasqueda que inici\u00f3 a las 7 de la ma\u00f1ana de ayer, los miembros del colectivo primero hallaron tres cad\u00e1veres en avanzado estado de descomposici\u00f3n y una osamenta; antes de retirarse, pudieron localizar un quinto cad\u00e1ver.<\/p>\n\n\n\n<p>Ra\u00fal Cornejo, uno de los miembros del grupo de b\u00fasqueda de desaparecidos, se\u00f1al\u00f3 que debido a la posici\u00f3n en que los encontraron y al estado en el que estaban, es muy probable que las fuertes lluvias hayan desenterrado y arrastrado los restos humanos.<\/p>\n\n\n\n<p>El sexo de los occisos no pudo ser determinado durante el trabajo en campo y tampoco ten\u00edan a la vista alg\u00fan objeto que pudiera dar pistas de su identidad.<\/p>\n\n\n\n<p>El sitio del hallazgo colinda con el fraccionamiento Ribera del Bosque, una de las demarcaciones donde la lluvia del lunes 22 de enero caus\u00f3 m\u00e1s estragos debido a la corriente de agua que se gener\u00f3.<\/p>\n\n\n\n<p>El 19 de enero, esta zona tambi\u00e9n fue el escenario de un enfrentamiento entre polic\u00edas de diferentes corporaciones y presuntos delincuentes, uno de los cuales fue abatido.<\/p>\n\n\n\n<p>Los restos humanos encontrados fueron levantados por personal de la Fiscal\u00eda General del Estado (FGE) para su traslado al Servicio M\u00e9dico Forense (Semefo), donde familiares de personas desaparecidas pueden acudir para iniciar el procedimiento de identificaci\u00f3n.<\/p>\n\n\n\n<p>(Informaci\u00f3n de \u201cLa Jornada\u201d)<\/p>\n","protected":false},"excerpt":{"rendered":"<p>Redacci\u00f3n\/Zona Roja Cdmx. Ciudad de M\u00e9xico, a 27 de enero de 2024.- Los restos de&hellip;<\/p>\n","protected":false},"author":2,"featured_media":64659,"comment_status":"closed","ping_status":"open","sticky":false,"template":"","format":"standard","meta":{"_lmt_disableupdate":"","_lmt_disable":"","_jetpack_memberships_contains_paid_content":false,"footnotes":""},"categories":[109,47],"tags":[3153],"class_list":["post-64658","post","type-post","status-publish","format-standard","has-post-thumbnail","hentry","category-minuto-a-minuto","category-zona-gris","tag-lluvias-tormentas-tropicales-y-huracanes"],"jetpack_featured_media_url":"https:\/\/zonaroja.com.mx\/wp-content\/uploads\/2024\/01\/Tijuana-lluvias.jpeg","jetpack_sharing_enabled":true,"_links":{"self":[{"href":"https:\/\/zonaroja.com.mx\/index.php?rest_route=\/wp\/v2\/posts\/64658","targetHints":{"allow":["GET"]}}],"collection":[{"href":"https:\/\/zonaroja.com.mx\/index.php?rest_route=\/wp\/v2\/posts"}],"about":[{"href":"https:\/\/zonaroja.com.mx\/index.php?rest_route=\/wp\/v2\/types\/post"}],"author":[{"embeddable":true,"href":"https:\/\/zonaroja.com.mx\/index.php?rest_route=\/wp\/v2\/users\/2"}],"replies":[{"embeddable":true,"href":"https:\/\/zonaroja.com.mx\/index.php?rest_route=%2Fwp%2Fv2%2Fcomments&post=64658"}],"version-history":[{"count":1,"href":"https:\/\/zonaroja.com.mx\/index.php?rest_route=\/wp\/v2\/posts\/64658\/revisions"}],"predecessor-version":[{"id":64660,"href":"https:\/\/zonaroja.com.mx\/index.php?rest_route=\/wp\/v2\/posts\/64658\/revisions\/64660"}],"wp:featuredmedia":[{"embeddable":true,"href":"https:\/\/zonaroja.com.mx\/index.php?rest_route=\/wp\/v2\/media\/64659"}],"wp:attachment":[{"href":"https:\/\/zonaroja.com.mx\/index.php?rest_route=%2Fwp%2Fv2%2Fmedia&parent=64658"}],"wp:term":[{"taxonomy":"category","embeddable":true,"href":"https:\/\/zonaroja.com.mx\/index.php?rest_route=%2Fwp%2Fv2%2Fcategories&post=64658"},{"taxonomy":"post_tag","embeddable":true,"href":"https:\/\/zonaroja.com.mx\/index.php?rest_route=%2Fwp%2Fv2%2Ftags&post=64658"}],"curies":[{"name":"wp","href":"https:\/\/api.w.org\/{rel}","templated":true}]}}