{"id":64663,"date":"2024-01-27T12:00:00","date_gmt":"2024-01-27T18:00:00","guid":{"rendered":"http:\/\/www.zonaroja.com.mx\/?p=64663"},"modified":"2024-01-27T07:43:21","modified_gmt":"2024-01-27T13:43:21","slug":"lanza-eu-alerta-de-viaje-a-sus-ciudadanos-para-no-visitar-taxco-guerrero","status":"publish","type":"post","link":"https:\/\/zonaroja.com.mx\/?p=64663","title":{"rendered":"Lanza EU alerta de viaje a sus ciudadanos para no visitar Taxco, Guerrero"},"content":{"rendered":"\n<p>Redacci\u00f3n\/Zona Roja Cdmx.<\/p>\n\n\n\n<p>Ciudad de M\u00e9xico, a 27 de enero de 2024.- La embajada de Estados Unidos en M\u00e9xico emiti\u00f3 este viernes una alerta de viaje a sus ciudadanos para Taxco, en Guerrero, debido a la crisis de violencia que vive ese municipio.<\/p>\n\n\n\n<p>La embajada de Estados Unidos en la Ciudad de M\u00e9xico informa a los ciudadanos estadounidenses que debido a recientes incidentes de seguridad, los empleados del gobierno estadounidense no podr\u00e1n viajar a Taxco, Guerrero\u201c, se\u00f1al\u00f3 en un breve bolet\u00edn.<\/p>\n\n\n\n<p>La alerta fue emitida luego de los hechos violentos que se han registrado en Taxco, considerado pueblo m\u00e1gico de M\u00e9xico, que ha dejado al municipio sin transporte p\u00fablico por seis d\u00edas, adem\u00e1s de la suspensi\u00f3n de clases debido a amenazas del crimen organizado y luego de que asesinaran al conductor de una camioneta tur\u00edstica.<\/p>\n\n\n\n<p>La embajada estadounidense pidi\u00f3 a sus ciudadanos tomar algunas acciones como estar atentos a los medios locales para obtener actualizaciones de la situaci\u00f3n y, en caso de emergencia, llamar al 911.<\/p>\n\n\n\n<p>Tambi\u00e9n sugiri\u00f3 revisar sus planes de seguridad personal y seguir las instrucciones de las autoridades locales.<\/p>\n\n\n\n<p>La alerta se da en medio de la crisis de violencia en Guerrero, donde apenas el 6 de enero un tiroteo dej\u00f3 13 muertos en un palenque, donde ocurren las peleas de gallos, en el municipio de Petatl\u00e1n.<\/p>\n\n\n\n<p>Ese mismo d\u00eda, la fiscal\u00eda estatal inici\u00f3 una investigaci\u00f3n por la aparici\u00f3n de cinco cuerpos calcinados tras un presunto enfrentamiento en el municipio de Heliodoro Castillo, en lo que calific\u00f3 como una confrontaci\u00f3n de grupos criminales.<\/p>\n\n\n\n<p>La violencia por disputas del crimen organizado se ha agudizado desde el a\u00f1o pasado en Guerrero, que ocupa el s\u00e9ptimo lugar nacional en n\u00famero de homicidios, con mil 688 asesinatos.<\/p>\n\n\n\n<p>(Con informaci\u00f3n de EFE, en L\u00f3pez-D\u00f3riga Digital)<\/p>\n","protected":false},"excerpt":{"rendered":"<p>Redacci\u00f3n\/Zona Roja Cdmx. Ciudad de M\u00e9xico, a 27 de enero de 2024.- La embajada de&hellip;<\/p>\n","protected":false},"author":2,"featured_media":64664,"comment_status":"closed","ping_status":"open","sticky":false,"template":"","format":"standard","meta":{"_lmt_disableupdate":"","_lmt_disable":"","_jetpack_memberships_contains_paid_content":false,"footnotes":""},"categories":[109,47],"tags":[3828],"class_list":["post-64663","post","type-post","status-publish","format-standard","has-post-thumbnail","hentry","category-minuto-a-minuto","category-zona-gris","tag-taxco-guerrero"],"jetpack_featured_media_url":"https:\/\/zonaroja.com.mx\/wp-content\/uploads\/2024\/01\/Taxco-de-Alarcon-Guerrero.webp","jetpack_sharing_enabled":true,"_links":{"self":[{"href":"https:\/\/zonaroja.com.mx\/index.php?rest_route=\/wp\/v2\/posts\/64663","targetHints":{"allow":["GET"]}}],"collection":[{"href":"https:\/\/zonaroja.com.mx\/index.php?rest_route=\/wp\/v2\/posts"}],"about":[{"href":"https:\/\/zonaroja.com.mx\/index.php?rest_route=\/wp\/v2\/types\/post"}],"author":[{"embeddable":true,"href":"https:\/\/zonaroja.com.mx\/index.php?rest_route=\/wp\/v2\/users\/2"}],"replies":[{"embeddable":true,"href":"https:\/\/zonaroja.com.mx\/index.php?rest_route=%2Fwp%2Fv2%2Fcomments&post=64663"}],"version-history":[{"count":1,"href":"https:\/\/zonaroja.com.mx\/index.php?rest_route=\/wp\/v2\/posts\/64663\/revisions"}],"predecessor-version":[{"id":64665,"href":"https:\/\/zonaroja.com.mx\/index.php?rest_route=\/wp\/v2\/posts\/64663\/revisions\/64665"}],"wp:featuredmedia":[{"embeddable":true,"href":"https:\/\/zonaroja.com.mx\/index.php?rest_route=\/wp\/v2\/media\/64664"}],"wp:attachment":[{"href":"https:\/\/zonaroja.com.mx\/index.php?rest_route=%2Fwp%2Fv2%2Fmedia&parent=64663"}],"wp:term":[{"taxonomy":"category","embeddable":true,"href":"https:\/\/zonaroja.com.mx\/index.php?rest_route=%2Fwp%2Fv2%2Fcategories&post=64663"},{"taxonomy":"post_tag","embeddable":true,"href":"https:\/\/zonaroja.com.mx\/index.php?rest_route=%2Fwp%2Fv2%2Ftags&post=64663"}],"curies":[{"name":"wp","href":"https:\/\/api.w.org\/{rel}","templated":true}]}}