{"id":64666,"date":"2024-01-27T13:43:00","date_gmt":"2024-01-27T19:43:00","guid":{"rendered":"http:\/\/www.zonaroja.com.mx\/?p=64666"},"modified":"2024-01-27T07:49:29","modified_gmt":"2024-01-27T13:49:29","slug":"investigan-filtracion-de-datos-de-300-periodistas-que-acuden-a-la-mananera","status":"publish","type":"post","link":"https:\/\/zonaroja.com.mx\/?p=64666","title":{"rendered":"Investigan filtraci\u00f3n de datos de 300 periodistas que acuden a la \u201cma\u00f1anera\u201d"},"content":{"rendered":"\n<p>Redacci\u00f3n\/Zona Roja Cdmx. Foto: Archivo El Sol de M\u00e9xico.<\/p>\n\n\n\n<p>Ciudad de M\u00e9xico, a 27 de enero de 2024.- El Instituto Nacional de Transparencia y Protecci\u00f3n de Datos Personales (INAI), inici\u00f3 un an\u00e1lisis t\u00e9cnico sobre la eventual filtraci\u00f3n de los datos de m\u00e1s de 300 periodistas que cubren las conferencias matutinas del presidente Andr\u00e9s Manuel L\u00f3pez Obrador.<\/p>\n\n\n\n<p>A trav\u00e9s de su cuenta de X, aclar\u00f3 que como garante de la protecci\u00f3n de datos personales, cualquier transgresi\u00f3n a principios, deberes y derechos consagrados en la Ley General en la materia ser\u00e1 investigada y resuelta conforme a sus atribuciones y al amparo de la ley.<\/p>\n\n\n\n<p>\u201cEn el INAI estamos haciendo un an\u00e1lisis t\u00e9cnico de la informaci\u00f3n p\u00fablica disponible sobre la eventual filtraci\u00f3n de datos personales de periodistas que coinciden en una cobertura noticiosa cotidiana.<\/p>\n\n\n\n<p>\u201cComo garantes de la protecci\u00f3n de #DatosPersonales, cualquier transgresi\u00f3n a principios, deberes y derechos consagrados en la Ley General en la materia ser\u00e1 investigada y resuelta conforme a nuestras atribuciones y alamparo de la ley. #ElINAISirveAM\u00e9xico\u201d, poste\u00f3 el organismo de transparencia.<\/p>\n\n\n\n<p>Ello, luego de que este viernes se dio a conocer en redes sociales la presunta filtraci\u00f3n la cual incluye nombres, contactos, identificaciones, fotograf\u00edas y otros anexos.<\/p>\n\n\n\n<p>INTERVIENE ART\u00cdCULO 19<\/p>\n\n\n\n<p>La organizaci\u00f3n Art\u00edculo 19 solicit\u00f3 al Gobierno de la Rep\u00fablica clarificar cu\u00e1les fueron las medidas que tom\u00f3 para evitar la vulneraci\u00f3n de los datos personales que recolect\u00f3 y cu\u00e1les ser\u00e1n las acciones preventivas para evitar que se cometan da\u00f1os con esa informaci\u00f3n.<\/p>\n\n\n\n<p>Adem\u00e1s, le solicit\u00f3 dar a conocer cu\u00e1les ser\u00e1n las medidas compensatorias y resarcitorias por el indebido resguardo de sus datos personales.<\/p>\n\n\n\n<p>Al respecto, \u201cExpansi\u00f3n\u201d pregunt\u00f3 a integrantes de la Oficina de Comunicaci\u00f3n Social de Presidencia de la Rep\u00fablica y al vocero, Jes\u00fas Ram\u00edrez, si habr\u00eda alguna postura respecto a la filtraci\u00f3n de datos, sin embargo, no hubo respuesta.<\/p>\n\n\n\n<p>Art\u00edculo 19, tambi\u00e9n asegur\u00f3 que el mismo gobierno vulnera con esta filtraci\u00f3n la seguridad f\u00edsica de los comunicadores, as\u00ed como su dignidad e intimidad en uno de los pa\u00edses m\u00e1s letales para la prensa con 163 periodistas asesinados.<\/p>\n\n\n\n<p>\u201cSiendo M\u00e9xico uno de los pa\u00edses m\u00e1s letales contra la prensa, con 163 periodistas asesinadxs y 32 desaparecidos, la filtraci\u00f3n vulnera no s\u00f3lo su dignidad e intimidad, sino su seguridad f\u00edsica.<\/p>\n\n\n\n<p>\u201cEs de particular preocupaci\u00f3n que la informaci\u00f3n filtrada sea de quienes atienden las \u2018ma\u00f1aneras\u2019, espacio donde periodistas han alertado sobre sus persecuciones y amenazas. En este contexto, la salvaguarda de sus datos personales es esencialmente una cuesti\u00f3n de protecci\u00f3n a su integridad f\u00edsica\u201d, alert\u00f3 Art\u00edculo 19.<\/p>\n\n\n\n<p>Calific\u00f3 como \u201cinjustificable\u201d que se hayan incumplido los principios y deberes b\u00e1sicos contemplados en la Ley General de Datos Personales en Protecci\u00f3n de Sujetos Obligados en cuanto al resguardo de la informaci\u00f3n, dado que la filtraci\u00f3n provoca una potencial afectaci\u00f3n a las vida e integridad de los periodistas.<\/p>\n\n\n\n<p>PRESIDENCIA EMPLAZADA<\/p>\n\n\n\n<p>Sobre el tema, la comisionada del INAI, Julieta del R\u00edo Venegas, aclar\u00f3 que, conforme a la Ley, la Presidencia de la Rep\u00fablica tiene hasta 72 horas para explicar qu\u00e9 fue lo que pas\u00f3, de lo contrario, se iniciar\u00e1 una investigaci\u00f3n de oficio.<\/p>\n\n\n\n<p>\u201cLa Presidencia de la Rep\u00fablica es un sujeto obligado, por lo tanto, de acuerdo a la ley, tiene hasta 72 horas para notificar al INAI lo que sucedi\u00f3, de no notificar lo que sucedi\u00f3, el INAI entra de oficio\u201d, inform\u00f3 en entrevista en Grupo F\u00f3rmula.<\/p>\n\n\n\n<p>\u201cDespu\u00e9s de las 72 horas, el INAI tomar\u00e1 una decisi\u00f3n que puede tardar 50 d\u00edas, que podr\u00eda significar una sanci\u00f3n econ\u00f3mica\u201d, a\u00f1adi\u00f3 Del R\u00edo.<\/p>\n\n\n\n<p>Precis\u00f3 que la Presidencia de la rep\u00fablica tambi\u00e9n deber\u00e1 notificar a todas las personas afectadas (periodistas, camar\u00f3grafos, fot\u00f3grafos y quienes se hayan entregado sus datos personales para la cobertura informativa de las ma\u00f1aneras), lo que pas\u00f3.<\/p>\n\n\n\n<p>A su vez, \u00e9stas personas podr\u00e1n presentar una denuncia, v\u00eda correo electr\u00f3nico verificacion@inai.org.mx ante el Instituto de transparencia, en la que deber\u00e1n incluir su nombre y exponer los hechos sucedidos.<\/p>\n\n\n\n<p>\u201cEl uso de datos personales est\u00e1 protegido por la ley en M\u00e9xico y en el @INAImexico es el organismo constitucional garante del derecho a la protecci\u00f3n. Ante cualquier vulneraci\u00f3n de tus datos personales presenta una denuncia #INAIsirve\u201d, poste\u00f3.<\/p>\n\n\n\n<p>La organizaci\u00f3n Guacamaya Leaks, inform\u00f3 en su cuenta de X que los datos de la \u201c\u00faltima filtraci\u00f3n\u201d del gobierno del presidente Andr\u00e9s Manuel L\u00f3pez Obrador a\u00fan se puede descargar.<\/p>\n\n\n\n<p>\u201cSe filtra la base de datos de periodistas acreditados por el gobierno para entra a la ma\u00f1anera. Todos su datos quedan expuestos\u201d, poste\u00f3 e incluso, comparte el enlace para descargar la base.<\/p>\n\n\n\n<p>(Informaci\u00f3n de \u201cExpansi\u00f3n Pol\u00edtica\u201d)<\/p>\n","protected":false},"excerpt":{"rendered":"<p>Redacci\u00f3n\/Zona Roja Cdmx. Foto: Archivo El Sol de M\u00e9xico. Ciudad de M\u00e9xico, a 27 de&hellip;<\/p>\n","protected":false},"author":2,"featured_media":64667,"comment_status":"closed","ping_status":"open","sticky":false,"template":"","format":"standard","meta":{"_lmt_disableupdate":"","_lmt_disable":"","_jetpack_memberships_contains_paid_content":false,"footnotes":""},"categories":[109,47],"tags":[143],"class_list":["post-64666","post","type-post","status-publish","format-standard","has-post-thumbnail","hentry","category-minuto-a-minuto","category-zona-gris","tag-andres-manuel-lopez-obrador"],"jetpack_featured_media_url":"https:\/\/zonaroja.com.mx\/wp-content\/uploads\/2024\/01\/Periodistas-conferencia-mananeras-Obrador.jpeg","jetpack_sharing_enabled":true,"_links":{"self":[{"href":"https:\/\/zonaroja.com.mx\/index.php?rest_route=\/wp\/v2\/posts\/64666","targetHints":{"allow":["GET"]}}],"collection":[{"href":"https:\/\/zonaroja.com.mx\/index.php?rest_route=\/wp\/v2\/posts"}],"about":[{"href":"https:\/\/zonaroja.com.mx\/index.php?rest_route=\/wp\/v2\/types\/post"}],"author":[{"embeddable":true,"href":"https:\/\/zonaroja.com.mx\/index.php?rest_route=\/wp\/v2\/users\/2"}],"replies":[{"embeddable":true,"href":"https:\/\/zonaroja.com.mx\/index.php?rest_route=%2Fwp%2Fv2%2Fcomments&post=64666"}],"version-history":[{"count":1,"href":"https:\/\/zonaroja.com.mx\/index.php?rest_route=\/wp\/v2\/posts\/64666\/revisions"}],"predecessor-version":[{"id":64668,"href":"https:\/\/zonaroja.com.mx\/index.php?rest_route=\/wp\/v2\/posts\/64666\/revisions\/64668"}],"wp:featuredmedia":[{"embeddable":true,"href":"https:\/\/zonaroja.com.mx\/index.php?rest_route=\/wp\/v2\/media\/64667"}],"wp:attachment":[{"href":"https:\/\/zonaroja.com.mx\/index.php?rest_route=%2Fwp%2Fv2%2Fmedia&parent=64666"}],"wp:term":[{"taxonomy":"category","embeddable":true,"href":"https:\/\/zonaroja.com.mx\/index.php?rest_route=%2Fwp%2Fv2%2Fcategories&post=64666"},{"taxonomy":"post_tag","embeddable":true,"href":"https:\/\/zonaroja.com.mx\/index.php?rest_route=%2Fwp%2Fv2%2Ftags&post=64666"}],"curies":[{"name":"wp","href":"https:\/\/api.w.org\/{rel}","templated":true}]}}