{"id":64673,"date":"2024-01-27T15:49:23","date_gmt":"2024-01-27T21:49:23","guid":{"rendered":"http:\/\/www.zonaroja.com.mx\/?p=64673"},"modified":"2024-01-27T15:49:24","modified_gmt":"2024-01-27T21:49:24","slug":"desde-la-atencion-a-los-conflictos-y-no-desde-las-leyes-se-alcanzara-la-justicia-ana-laura-magaloni","status":"publish","type":"post","link":"https:\/\/zonaroja.com.mx\/?p=64673","title":{"rendered":"Desde la atenci\u00f3n a los conflictos y no desde las leyes se alcanzar\u00e1 la justicia: Ana Laura Magaloni"},"content":{"rendered":"\n<p>Yuridiana Sosa\/Zona Roja.<\/p>\n\n\n\n<p>Oaxaca de Ju\u00e1rez, Oax., a 27 de enero de 2024.- La doctora en Derecho e investigadora, Ana Laura Magaloni Kerpel, asever\u00f3 que la justicia en M\u00e9xico, una asignatura pendiente por d\u00e9cadas, es posible alcanzarla s\u00f3lo si se atiende el conflicto desde los barrios y se apuesta por la pacificaci\u00f3n.<\/p>\n\n\n\n<p>En su ponencia \u201cJusticia de barrio: una mirada desde el ras de la tierra\u201d, que moder\u00f3 el historiador Carlos Tello y forma parte de una serie de foros organizados por el doctor Mart\u00edn V\u00e1zquez Villanueva, la especialista en temas de justicia ofreci\u00f3 propuestas y perspectivas para lograr actos de justicia.<\/p>\n\n\n\n<p>&nbsp;La ex directora del Centro de Investigaci\u00f3n y Docencia Econ\u00f3micas (CIDE) y colaboradora en reformas importantes a la justicia desde 1994, se\u00f1al\u00f3 que le apuesta por pol\u00edticas de justicia y a m\u00e9todos para pacificar nuestros conflictos, atender de d\u00f3nde surgen y c\u00f3mo equilibrar las balanzas sociales que est\u00e1n rotas.&nbsp;<\/p>\n\n\n\n<p>Por ello propuso una metodolog\u00eda basada en trabajar principalmente desde un enfoque de barrios, de c\u00f3mo cumplir con las necesidades de la gente y en funci\u00f3n de c\u00f3mo hacer colectividades.<\/p>\n\n\n\n<p>Magaloni Kerpel se\u00f1al\u00f3 que la justicia en M\u00e9xico, desde su experiencia, no se resuelve en el gobierno federal, sino es un tema que se resuelve desde los gobiernos locales, municipales, para lo cual se requiere una mirada original y diferente a lo que hemos vivido como justicia.&nbsp;<\/p>\n\n\n\n<p>\u201cLa justicia no va a cambiar desde la ley, tenemos que tambi\u00e9n desde la atenci\u00f3n al conflicto y una mirada clara hacia su pacificaci\u00f3n\u201d, destac\u00f3 la especialista.<\/p>\n\n\n\n<p>Asever\u00f3 que se han hecho reformas&nbsp; en los c\u00f3digos penales, pero muy poco se ha dedicado a mirar y responder las preguntas de c\u00f3mo nos peleamos y c\u00f3mo pacificar de mejor manera nuestros conflictos.<\/p>\n\n\n\n<p>A su vez, destac\u00f3 que el \u201cautoritarismo nos rompe m\u00e1s (como sociedad)\u201d, y comparti\u00f3 que la pol\u00edtica de abrazos y no balazos \u201ces &nbsp;un buen eslogan, nada m\u00e1s hay que hacerlo bien\u201d.<\/p>\n\n\n\n<p>Sobre esta pol\u00edtica, con la que coincide, expres\u00f3: \u201cAlgo de lo que estoy diciendo es eso, abrazos y no balazos, que &nbsp;entendemos las ra\u00edces de las violencias, pero no nada m\u00e1s son abrazos, &nbsp;sino entender en c\u00f3mo vamos a volver a cooperar\u201d.<\/p>\n\n\n\n<p>Agreg\u00f3: \u201cEs mucho m\u00e1s complejo de lo que el presidente ha hecho, yo creo que va en la direcci\u00f3n correcta en el sentido que no es con las armas que M\u00e9xico se va a pac\u00edficar\u201d.<\/p>\n\n\n\n<p>Por lo que enfatiz\u00f3 que si se empieza a ver la justicia desde las comunidades y barrios m\u00e1s violentos se puede entender mejor\u201d.<\/p>\n\n\n\n<p>MUJERES PREPONDERANTES<\/p>\n\n\n\n<p>La investigadora, especialista en temas de enjuiciamiento penal, se\u00f1al\u00f3 la importancia de la participaci\u00f3n de las mujeres para la justicia de nuestro pa\u00eds.<\/p>\n\n\n\n<p>Destac\u00f3 que las mujeres son las que sostienen el entramado colectivo, las que tienen un panorama m\u00e1s claro de lo que sucede en nuestro entorno, por ello, dijo, \u201ctenemos que darle mayor participaci\u00f3n en t\u00e9rminos de poder y de capacidad\u201d, as\u00ed como papeles &nbsp;preponderantes en los diagn\u00f3sticos y soluciones de las pol\u00edticas p\u00fablicas.<\/p>\n\n\n\n<p>Ana Laura Magaloni Kerpel ha dedicado su vida a descifrar los problemas del sistema de justicia mexicana y proponer soluciones a estos.<\/p>\n\n\n\n<p>Es &nbsp;Licenciada en Derecho por el Instituto Tecnol\u00f3gico Aut\u00f3nomo de M\u00e9xico y Doctora en derecho por la Universidad Aut\u00f3noma de Madrid; fue directora de la divisi\u00f3n de estudios de estudios jur\u00eddicos del CIDE y pertenece al sistema nacional de investigadores.<\/p>\n","protected":false},"excerpt":{"rendered":"<p>Yuridiana Sosa\/Zona Roja. Oaxaca de Ju\u00e1rez, Oax., a 27 de enero de 2024.- La doctora&hellip;<\/p>\n","protected":false},"author":2,"featured_media":64674,"comment_status":"closed","ping_status":"open","sticky":false,"template":"","format":"standard","meta":{"_lmt_disableupdate":"","_lmt_disable":"","_jetpack_memberships_contains_paid_content":false,"footnotes":""},"categories":[109,46],"tags":[3829],"class_list":["post-64673","post","type-post","status-publish","format-standard","has-post-thumbnail","hentry","category-minuto-a-minuto","category-zona-blanca","tag-ana-laura-magaloni"],"jetpack_featured_media_url":"https:\/\/zonaroja.com.mx\/wp-content\/uploads\/2024\/01\/Ana-Laura-Magaloni-conferencia-Oaxaca.jpg","jetpack_sharing_enabled":true,"_links":{"self":[{"href":"https:\/\/zonaroja.com.mx\/index.php?rest_route=\/wp\/v2\/posts\/64673","targetHints":{"allow":["GET"]}}],"collection":[{"href":"https:\/\/zonaroja.com.mx\/index.php?rest_route=\/wp\/v2\/posts"}],"about":[{"href":"https:\/\/zonaroja.com.mx\/index.php?rest_route=\/wp\/v2\/types\/post"}],"author":[{"embeddable":true,"href":"https:\/\/zonaroja.com.mx\/index.php?rest_route=\/wp\/v2\/users\/2"}],"replies":[{"embeddable":true,"href":"https:\/\/zonaroja.com.mx\/index.php?rest_route=%2Fwp%2Fv2%2Fcomments&post=64673"}],"version-history":[{"count":1,"href":"https:\/\/zonaroja.com.mx\/index.php?rest_route=\/wp\/v2\/posts\/64673\/revisions"}],"predecessor-version":[{"id":64675,"href":"https:\/\/zonaroja.com.mx\/index.php?rest_route=\/wp\/v2\/posts\/64673\/revisions\/64675"}],"wp:featuredmedia":[{"embeddable":true,"href":"https:\/\/zonaroja.com.mx\/index.php?rest_route=\/wp\/v2\/media\/64674"}],"wp:attachment":[{"href":"https:\/\/zonaroja.com.mx\/index.php?rest_route=%2Fwp%2Fv2%2Fmedia&parent=64673"}],"wp:term":[{"taxonomy":"category","embeddable":true,"href":"https:\/\/zonaroja.com.mx\/index.php?rest_route=%2Fwp%2Fv2%2Fcategories&post=64673"},{"taxonomy":"post_tag","embeddable":true,"href":"https:\/\/zonaroja.com.mx\/index.php?rest_route=%2Fwp%2Fv2%2Ftags&post=64673"}],"curies":[{"name":"wp","href":"https:\/\/api.w.org\/{rel}","templated":true}]}}