{"id":64677,"date":"2024-01-27T16:04:30","date_gmt":"2024-01-27T22:04:30","guid":{"rendered":"http:\/\/www.zonaroja.com.mx\/?p=64677"},"modified":"2024-01-27T16:04:31","modified_gmt":"2024-01-27T22:04:31","slug":"tras-cateos-detienen-a-11-personas-en-santa-maria-mixtequilla-oaxaca","status":"publish","type":"post","link":"https:\/\/zonaroja.com.mx\/?p=64677","title":{"rendered":"Tras cateos, detienen a 11 personas en Santa Mar\u00eda Mixtequilla, Oaxaca"},"content":{"rendered":"\n<p>Redacci\u00f3n\/Zona Roja.<\/p>\n\n\n\n<p>Oaxaca de Ju\u00e1rez, Oax., a 27 de enero de 2024.- La Fiscal\u00eda General del Estado de Oaxaca (FGEO), en un operativo coordinado con elementos de la Agencia Estatal de Investigaciones (AEI), Guardia Nacional, Secretar\u00eda de la Defensa Nacional y de la Polic\u00eda Estatal de la Secretar\u00eda de Seguridad y Protecci\u00f3n Ciudadana, realiz\u00f3 cateos simult\u00e1neos en la poblaci\u00f3n de Santa Mar\u00eda Mixtequilla, en el Istmo de Tehuantepec, durante los cuales se ejecutaron nueve \u00f3rdenes de aprehensi\u00f3n.<\/p>\n\n\n\n<p>Durante las primeras horas de este s\u00e1bado 27 de enero de 2024, la FGEO despleg\u00f3 el operativo en diferentes domicilios de Mixtequilla, para dar cumplimiento a las \u00f3rdenes de cateo emitidas por el Juez que atiende la causa.<\/p>\n\n\n\n<p>Como resultado de esta movilizaci\u00f3n coordinada con diferentes corporaciones federales y estatales, se ejecutaron las \u00f3rdenes de aprehensi\u00f3n correspondientes, de nueve personas (ocho del sexo masculino y una m\u00e1s del sexo femenino), identificadas por las iniciales: A. P. S., R. V. R., A. S. G., R. V. O., J. O. A., A. S. C. (mujer), O. C. G., A. L. G. y A. P. O.<\/p>\n\n\n\n<p>Tras el aseguramiento de las nueve personas, estas fueron puestas a disposici\u00f3n de las autoridades correspondientes para que se resuelva su situaci\u00f3n jur\u00eddica en las pr\u00f3ximas horas.<\/p>\n\n\n\n<p>Estas acciones relacionadas con los trabajos de procuraci\u00f3n de justicia a cargo de la FGEO, derivaron de la carpeta de investigaci\u00f3n iniciada por el delito de robo cometido en perjuicio del ayuntamiento municipal de Santa Mar\u00eda Mixtequilla.<\/p>\n\n\n\n<p>Adem\u00e1s que la FGEO logr\u00f3 establecer, tras verificar la identidad de las personas aseguradas, que varias de ellas cuentan con denuncias en su contra, tanto en el \u00e1mbito estatal (da\u00f1os por incendio, robo y despojo) como en el federal (obstrucci\u00f3n y da\u00f1o de las v\u00edas principales de comunicaci\u00f3n del Istmo de Tehuantepec) cuyas investigaciones est\u00e1n en curso para determinar su grado de responsabilidad por dichos delitos.<\/p>\n\n\n\n<p>Respecto a las \u00f3rdenes de aprehensi\u00f3n ejecutadas, se sabe que, de acuerdo con las investigaciones ministeriales, los hechos sucedieron el 5 de enero de 2024, cuando un grupo de personas se present\u00f3 en el Palacio Municipal de la comunidad antes citada donde, haciendo uso de violencia, se apoderaron de diversos bienes, por lo que, la parte afectada present\u00f3 la denuncia por estos hechos.<\/p>\n\n\n\n<p>La Fiscal\u00eda de Oaxaca realiza trabajo de investigaci\u00f3n con estricto apego a la ley con el objetivo de que, los resultados de las labores de procuraci\u00f3n de justicia permitan mantener la paz social en las diferentes regiones de la entidad.<\/p>\n\n\n\n<p>(Comunicado)<\/p>\n","protected":false},"excerpt":{"rendered":"<p>Redacci\u00f3n\/Zona Roja. Oaxaca de Ju\u00e1rez, Oax., a 27 de enero de 2024.- La Fiscal\u00eda General&hellip;<\/p>\n","protected":false},"author":2,"featured_media":64679,"comment_status":"closed","ping_status":"open","sticky":false,"template":"","format":"standard","meta":{"_lmt_disableupdate":"","_lmt_disable":"","_jetpack_memberships_contains_paid_content":false,"footnotes":""},"categories":[109,46],"tags":[494,2138],"class_list":["post-64677","post","type-post","status-publish","format-standard","has-post-thumbnail","hentry","category-minuto-a-minuto","category-zona-blanca","tag-fiscalia-general-del-estado-de-oaxaca","tag-santa-maria-mixtequilla"],"jetpack_featured_media_url":"https:\/\/zonaroja.com.mx\/wp-content\/uploads\/2024\/01\/Santa-Maria-Mixtequilla.jpeg","jetpack_sharing_enabled":true,"_links":{"self":[{"href":"https:\/\/zonaroja.com.mx\/index.php?rest_route=\/wp\/v2\/posts\/64677","targetHints":{"allow":["GET"]}}],"collection":[{"href":"https:\/\/zonaroja.com.mx\/index.php?rest_route=\/wp\/v2\/posts"}],"about":[{"href":"https:\/\/zonaroja.com.mx\/index.php?rest_route=\/wp\/v2\/types\/post"}],"author":[{"embeddable":true,"href":"https:\/\/zonaroja.com.mx\/index.php?rest_route=\/wp\/v2\/users\/2"}],"replies":[{"embeddable":true,"href":"https:\/\/zonaroja.com.mx\/index.php?rest_route=%2Fwp%2Fv2%2Fcomments&post=64677"}],"version-history":[{"count":1,"href":"https:\/\/zonaroja.com.mx\/index.php?rest_route=\/wp\/v2\/posts\/64677\/revisions"}],"predecessor-version":[{"id":64680,"href":"https:\/\/zonaroja.com.mx\/index.php?rest_route=\/wp\/v2\/posts\/64677\/revisions\/64680"}],"wp:featuredmedia":[{"embeddable":true,"href":"https:\/\/zonaroja.com.mx\/index.php?rest_route=\/wp\/v2\/media\/64679"}],"wp:attachment":[{"href":"https:\/\/zonaroja.com.mx\/index.php?rest_route=%2Fwp%2Fv2%2Fmedia&parent=64677"}],"wp:term":[{"taxonomy":"category","embeddable":true,"href":"https:\/\/zonaroja.com.mx\/index.php?rest_route=%2Fwp%2Fv2%2Fcategories&post=64677"},{"taxonomy":"post_tag","embeddable":true,"href":"https:\/\/zonaroja.com.mx\/index.php?rest_route=%2Fwp%2Fv2%2Ftags&post=64677"}],"curies":[{"name":"wp","href":"https:\/\/api.w.org\/{rel}","templated":true}]}}