{"id":64689,"date":"2024-01-28T08:30:00","date_gmt":"2024-01-28T14:30:00","guid":{"rendered":"http:\/\/www.zonaroja.com.mx\/?p=64689"},"modified":"2024-01-28T07:21:57","modified_gmt":"2024-01-28T13:21:57","slug":"velan-activistas-para-exigir-libertad-de-detenidos-tras-marcha-en-oaxaca","status":"publish","type":"post","link":"https:\/\/zonaroja.com.mx\/?p=64689","title":{"rendered":"Velan activistas para exigir libertad de detenidos tras marcha en Oaxaca"},"content":{"rendered":"\n<p>Raymundo Morales\/Zona Roja.<\/p>\n\n\n\n<p>Oaxaca de Ju\u00e1rez, Oax., a 28 de enero de 2024.- Un grupo de activistas de diversas organizaciones sociales protest\u00f3 durante la noche de ayer en el complejo gubernamental de Ciudad Judicial, tras la detenci\u00f3n de al menos seis personas en la capital de Oaxaca.<\/p>\n\n\n\n<p>Fue la tarde de ayer en que los manifestantes partieron en marcha del barrio de Xochimilco hacia el centro de la ciudad, para denunciar la gentrificaci\u00f3n de la capital; sin embargo, durante el trayecto efectuaron diversos actos vand\u00e1licos en contra de comercios, entre ellos pintas y destrucci\u00f3n de cristales.<\/p>\n\n\n\n<p>Tras ello, la Secretar\u00eda de Seguridad y Protecci\u00f3n Ciudadana del estado activ\u00f3 un operativo y detuvo a varias personas en el z\u00f3calo, \u201cante los actos vand\u00e1licos ocurridos la tarde de este s\u00e1bado en el Centro Hist\u00f3rico de la capital\u201d.<\/p>\n\n\n\n<p>En un comunicado, inform\u00f3 que la actuaci\u00f3n se debi\u00f3 ante la presencia de disturbios por parte de algunas personas, por lo que se coordin\u00f3 la actuaci\u00f3n policial para que, \u201cen apego a derecho y en estriego respeto a los derechos humanos, se detuvieran a las y los presuntos responsables de los da\u00f1os causados\u201d.<\/p>\n\n\n\n<p>Recalc\u00f3 que la Secretar\u00eda es respetuosa del derecho a la libre manifestaci\u00f3n; \u201csin embargo, se pronuncia en contra del da\u00f1o a espacios p\u00fablicos, propiedad privada y sobre todo agresiones a la ciudadan\u00eda\u201d.<\/p>\n\n\n\n<p>Tras ello fueron puestos a disposici\u00f3n del Ministerio P\u00fablico de la Fiscal\u00eda General del Estado de Oaxaca, con sede en Ciudad Judicial, ubicado en la agencia de Reyes Mantec\u00f3n, municipio de San Bartolo Coyotepec.<\/p>\n\n\n\n<p>Representantes de organismos civiles se trasladaron a esa zona, donde quemaron llantas y ramas para exigir la liberaci\u00f3n de seis personas, dos de ellas mujeres.<\/p>\n\n\n\n<p>Entre ellos identificaron a Filadelfo Desiderio, Nizaye \u201cN\u201d,&nbsp; Meztli J., Ricardo y dos individuos m\u00e1s, integrantes de diversos colectivos.<\/p>\n\n\n\n<p>\u201cFueron privados de su libertad por protestar contra&nbsp; gentrificaci\u00f3n que son otras formas de saqueo y despojo que sufre Oaxaca.&nbsp;<\/p>\n\n\n\n<p>\u201cCabe mencionar que fueron detenidos con excesivo uso de la fuerza atentando contra su integridad y sus derechos humanos, nos preocupa que en el camino hacia el cuartel de San Bartolo hayan sufrido torturas por parte de la Polic\u00eda estatal de Oaxaca\u201d, se\u00f1alaron en un comunicado.<\/p>\n\n\n\n<p>Hasta la ma\u00f1ana de hoy, se desconoce la situaci\u00f3n jur\u00eddica de las personas detenidas.<\/p>\n","protected":false},"excerpt":{"rendered":"<p>Raymundo Morales\/Zona Roja. Oaxaca de Ju\u00e1rez, Oax., a 28 de enero de 2024.- Un grupo&hellip;<\/p>\n","protected":false},"author":2,"featured_media":64684,"comment_status":"closed","ping_status":"open","sticky":false,"template":"","format":"standard","meta":{"_lmt_disableupdate":"","_lmt_disable":"","_jetpack_memberships_contains_paid_content":false,"footnotes":""},"categories":[109,47],"tags":[2496],"class_list":["post-64689","post","type-post","status-publish","format-standard","has-post-thumbnail","hentry","category-minuto-a-minuto","category-zona-gris","tag-marchas-y-bloqueos-oaxaca"],"jetpack_featured_media_url":"https:\/\/zonaroja.com.mx\/wp-content\/uploads\/2024\/01\/Activistas-protestan-en-Ciudad-Judicial-tras-detenciones-Oaxaca.jpg","jetpack_sharing_enabled":true,"_links":{"self":[{"href":"https:\/\/zonaroja.com.mx\/index.php?rest_route=\/wp\/v2\/posts\/64689","targetHints":{"allow":["GET"]}}],"collection":[{"href":"https:\/\/zonaroja.com.mx\/index.php?rest_route=\/wp\/v2\/posts"}],"about":[{"href":"https:\/\/zonaroja.com.mx\/index.php?rest_route=\/wp\/v2\/types\/post"}],"author":[{"embeddable":true,"href":"https:\/\/zonaroja.com.mx\/index.php?rest_route=\/wp\/v2\/users\/2"}],"replies":[{"embeddable":true,"href":"https:\/\/zonaroja.com.mx\/index.php?rest_route=%2Fwp%2Fv2%2Fcomments&post=64689"}],"version-history":[{"count":1,"href":"https:\/\/zonaroja.com.mx\/index.php?rest_route=\/wp\/v2\/posts\/64689\/revisions"}],"predecessor-version":[{"id":64690,"href":"https:\/\/zonaroja.com.mx\/index.php?rest_route=\/wp\/v2\/posts\/64689\/revisions\/64690"}],"wp:featuredmedia":[{"embeddable":true,"href":"https:\/\/zonaroja.com.mx\/index.php?rest_route=\/wp\/v2\/media\/64684"}],"wp:attachment":[{"href":"https:\/\/zonaroja.com.mx\/index.php?rest_route=%2Fwp%2Fv2%2Fmedia&parent=64689"}],"wp:term":[{"taxonomy":"category","embeddable":true,"href":"https:\/\/zonaroja.com.mx\/index.php?rest_route=%2Fwp%2Fv2%2Fcategories&post=64689"},{"taxonomy":"post_tag","embeddable":true,"href":"https:\/\/zonaroja.com.mx\/index.php?rest_route=%2Fwp%2Fv2%2Ftags&post=64689"}],"curies":[{"name":"wp","href":"https:\/\/api.w.org\/{rel}","templated":true}]}}