{"id":64691,"date":"2024-01-28T09:00:00","date_gmt":"2024-01-28T15:00:00","guid":{"rendered":"http:\/\/www.zonaroja.com.mx\/?p=64691"},"modified":"2024-01-28T07:26:24","modified_gmt":"2024-01-28T13:26:24","slug":"masacre-en-chihuahua-seis-asesinados-en-veracruz-matan-a-exlider-del-prd","status":"publish","type":"post","link":"https:\/\/zonaroja.com.mx\/?p=64691","title":{"rendered":"Masacre en Chihuahua: seis asesinados; en Veracruz matan a exl\u00edder del PRD"},"content":{"rendered":"\n<p>Redacci\u00f3n\/Zona Roja Cdmx.<\/p>\n\n\n\n<p>Ciudad de M\u00e9xico, a 28 de enero de 2024.- La primera masacre del a\u00f1o en Ciudad Ju\u00e1rez, Chihuahua se registr\u00f3 cuando un grupo de hombres armados arribaron a un domicilio, en donde se realizaba el velorio de un joven, y dispararon en repetidas ocasiones contra de un grupo de personas.<\/p>\n\n\n\n<p>El saldo de este ataque fue de cinco personas, que murieron al instante en el lugar y dos m\u00e1s heridos que fueron traslados en \u201cC\u00f3digo Rojo\u201d al hospital, d\u00f3nde uno falleci\u00f3 y otro se debate entre la vida y la muerte por su condici\u00f3n cr\u00edtica, de acuerdo con informaci\u00f3n de \u201cEl Financiero\u201d.<\/p>\n\n\n\n<p>Los hechos se registraron al filo de la medianoche del viernes 26 de enero, en las calles Alfonso L\u00e1zaro Alan\u00eds y Liviano Galaviz, Colonia H\u00e9roes de la Revoluci\u00f3n, al sur de Ciudad Ju\u00e1rez, en donde se desarrollaba el funeral de un joven asesinado el pasado mi\u00e9rcoles.<\/p>\n\n\n\n<p>En el exterior del citado domicilio varias personas se encontraban ingiriendo bebidas alcoh\u00f3licas cuando arrib\u00f3 un comando armado que dispar\u00f3 en varias ocasiones, provocando la muerte de 5 y dos m\u00e1s con graves heridas.<\/p>\n\n\n\n<p>EN VERACRUZ<\/p>\n\n\n\n<p>En Veracruz, Alejandro Naredo, ex presidente del Comit\u00e9 Directivo Municipal del PRD en Cuitl\u00e1huac fue asesinado en el centro de este municipio, por sujetos desconocidos, informaron fuentes policiales.<\/p>\n\n\n\n<p>De acuerdo con el reporte, la ma\u00f1ana de este s\u00e1bado, personas armadas le dieron alcance y dispararon directamente contra \u00e9l, sobre la calle 6, entre avenidas 4 y 6 de la colonia Oaxaca, de esta municipalidad; su cuerpo qued\u00f3 tendido en el piso, seg\u00fan informaci\u00f3n del diario \u201cLa Jornada\u201d.<\/p>\n\n\n\n<p>Tras conocerse la noticia de su homicidio, el dirigente del Partido de la Revoluci\u00f3n Democr\u00e1tica (PRD) en Veracruz, Sergio Cadena, expres\u00f3 su p\u00e9same ya que Alejandro Naredo &#8211;aunque actualmente se desempe\u00f1aba como taxista y m\u00fasico en sus ratos libres.&#8211;, \u201cfue militante de nuestro partido durante muchos a\u00f1os. Aunque se retir\u00f3 hace varios a\u00f1os, seguimos reconociendo su compromiso y contribuci\u00f3n a la vida pol\u00edtica del estado\u201d.<\/p>\n\n\n\n<p>EN GUERRERO<\/p>\n\n\n\n<p>En tanto, la comunidad de Buenavista de los Hurtados, municipio de Heliodoro Castillo, Guerrero, cumpli\u00f3 m\u00e1s de 24 horas con bombardeos de drones y ataques armados, presuntamente, hechos por integrantes del crimen organizado que comenzaron desde la ma\u00f1ana del 26 de enero.<\/p>\n\n\n\n<p>En entrevista con Infobae M\u00e9xico, Hermilio Hurtado, comisario de Buenavista de los Hurtados, report\u00f3 que los ataques continuaron durante la tarde de este s\u00e1bado 27 de enero.<\/p>\n\n\n\n<p>\u201dEst\u00e1n en alerta m\u00e1xima Tetela del R\u00edo, El Caracol, Amacahuite, El Rodeo, El Capire, Ixtayotla, El \u00d3rgano y Huautla, toda esta rivera est\u00e1 asustada, por eso estamos pidiendo la fuerza federal para que desaloje toda esta gente mala\u201d, explic\u00f3 el comisario.<\/p>\n\n\n\n<p>Infobae M\u00e9xico se comunic\u00f3 al \u00e1rea de comunicaci\u00f3n social de la Secretar\u00eda de Seguridad P\u00fablica del estado de Guerrero para saber si ten\u00edan reportes de estos hechos; sin embargo, se\u00f1alaron que por el momento no ten\u00edan alg\u00fan informe al respecto.<\/p>\n\n\n\n<p>Los pobladores solicitaron ayuda a las autoridades desde el 26 de enero. \u201dNecesitamos ayuda, habla el comisario de Buenavista de los Hurtados\u201d, se escucha decir en un audio que fue enviado al sacerdote y director del Centro Minerva Bello, Jos\u00e9 Filiberto Vel\u00e1zquez.<\/p>\n","protected":false},"excerpt":{"rendered":"<p>Redacci\u00f3n\/Zona Roja Cdmx. Ciudad de M\u00e9xico, a 28 de enero de 2024.- La primera masacre&hellip;<\/p>\n","protected":false},"author":2,"featured_media":7486,"comment_status":"closed","ping_status":"open","sticky":false,"template":"","format":"standard","meta":{"_lmt_disableupdate":"","_lmt_disable":"","_jetpack_memberships_contains_paid_content":false,"footnotes":""},"categories":[109,51],"tags":[1746],"class_list":["post-64691","post","type-post","status-publish","format-standard","has-post-thumbnail","hentry","category-minuto-a-minuto","category-zona-roja","tag-violencia-en-mexico"],"jetpack_featured_media_url":"https:\/\/zonaroja.com.mx\/wp-content\/uploads\/2020\/01\/Escena-del-crimen7.jpg","jetpack_sharing_enabled":true,"_links":{"self":[{"href":"https:\/\/zonaroja.com.mx\/index.php?rest_route=\/wp\/v2\/posts\/64691","targetHints":{"allow":["GET"]}}],"collection":[{"href":"https:\/\/zonaroja.com.mx\/index.php?rest_route=\/wp\/v2\/posts"}],"about":[{"href":"https:\/\/zonaroja.com.mx\/index.php?rest_route=\/wp\/v2\/types\/post"}],"author":[{"embeddable":true,"href":"https:\/\/zonaroja.com.mx\/index.php?rest_route=\/wp\/v2\/users\/2"}],"replies":[{"embeddable":true,"href":"https:\/\/zonaroja.com.mx\/index.php?rest_route=%2Fwp%2Fv2%2Fcomments&post=64691"}],"version-history":[{"count":1,"href":"https:\/\/zonaroja.com.mx\/index.php?rest_route=\/wp\/v2\/posts\/64691\/revisions"}],"predecessor-version":[{"id":64692,"href":"https:\/\/zonaroja.com.mx\/index.php?rest_route=\/wp\/v2\/posts\/64691\/revisions\/64692"}],"wp:featuredmedia":[{"embeddable":true,"href":"https:\/\/zonaroja.com.mx\/index.php?rest_route=\/wp\/v2\/media\/7486"}],"wp:attachment":[{"href":"https:\/\/zonaroja.com.mx\/index.php?rest_route=%2Fwp%2Fv2%2Fmedia&parent=64691"}],"wp:term":[{"taxonomy":"category","embeddable":true,"href":"https:\/\/zonaroja.com.mx\/index.php?rest_route=%2Fwp%2Fv2%2Fcategories&post=64691"},{"taxonomy":"post_tag","embeddable":true,"href":"https:\/\/zonaroja.com.mx\/index.php?rest_route=%2Fwp%2Fv2%2Ftags&post=64691"}],"curies":[{"name":"wp","href":"https:\/\/api.w.org\/{rel}","templated":true}]}}