{"id":64695,"date":"2024-01-28T12:00:00","date_gmt":"2024-01-28T18:00:00","guid":{"rendered":"http:\/\/www.zonaroja.com.mx\/?p=64695"},"modified":"2024-01-28T15:29:30","modified_gmt":"2024-01-28T21:29:30","slug":"destrozado-y-acabado-sistema-de-sald-en-gaza-denuncian","status":"publish","type":"post","link":"https:\/\/zonaroja.com.mx\/?p=64695","title":{"rendered":"Destrozado y acabado, sistema de salud en Gaza, denuncian"},"content":{"rendered":"\n<p>Redacci\u00f3n\/Zona Roja Cdmx.<\/p>\n\n\n\n<p>Ciudad de M\u00e9xico, a 28 de enero de 2024.- \u00abPr\u00e1cticamente no queda un sistema de salud en Gaza\u00bb, denunci\u00f3 M\u00e9dicos Sin Fronteras (MSF), luego de que gran parte de los servicios del hospital Nasser, donde trabajaba la organizaci\u00f3n, \u00abdejaron de funcionar\u00bb debido al conflicto entre Israel y Hamas.<\/p>\n\n\n\n<p>\u00abLa capacidad quir\u00fargica del hospital Nasser\u00bb, mayor estructura de salud de Jan Yunis, en el sur de la Franja de Gaza, es \u00abcasi inexistente\u00bb y \u00abel escaso personal m\u00e9dico que permanece en el hospital debe trabajar con cada vez menos material m\u00e9dico\u00bb, lament\u00f3 MSF en un comunicado.<\/p>\n\n\n\n<p>El Ministerio de Salud de Hamas en Gaza dio cuenta de un \u00abcorte total de electricidad\u00bb en el hospital, que oblig\u00f3 a paralizar todos los equipos m\u00e9dicos, \u00abincluidos los respiradores\u00bb.<\/p>\n\n\n\n<p>En los \u00faltimos d\u00edas huy\u00f3 la mayor parte del personal del hospital y miles de personas que se hab\u00edan refugiado all\u00ed, pero entre 300 y 500 pacientes gravemente heridos no pudieron ser evacuados, indic\u00f3 MSF.<\/p>\n\n\n\n<p>\u00abCon el Hospital Nasser y el Hospital Europeo fuera de servicio, pr\u00e1cticamente no queda ning\u00fan sistema sanitario en Gaza\u00bb, expres\u00f3 Guillemette Thomas, coordinadora m\u00e9dica de MSF, quien agreg\u00f3 que \u00abtodo el sistema de salud est\u00e1 fuera de servicio\u00bb en el territorio.<\/p>\n\n\n\n<p>Solo ocho de los 36 hospitales abiertos antes de la guerra funcionan ahora \u00abparcialmente\u00bb en Gaza, seg\u00fan MSF. En el sur, donde se concentra la ofensiva israel\u00ed, sobre todo en Jan Yunis, \u00abtodos est\u00e1n saturados o inaccesibles\u00bb, agreg\u00f3.<\/p>\n\n\n\n<p>El conflicto en Gaza comenz\u00f3 el 7 de octubre, cuando combatientes de Hamas provocaron la muerte de unas mil 140 personas, en su mayor\u00eda civiles, y secuestraron a cerca de 250 en el sur de Israel, seg\u00fan un balance de la Afp a partir de datos oficiales israel\u00edes.<\/p>\n\n\n\n<p>Las acciones de represalia, con bombardeos incesantes y acciones terrestres en Gaza, dejaron hasta el momento 26 mil 83 muertos, en su mayor\u00eda mujeres, ni\u00f1os y adolescentes, seg\u00fan el ministerio de Salud del territorio.<\/p>\n\n\n\n<p>(Informaci\u00f3n de AFP en \u201cLa Jornada\u201d)<\/p>\n","protected":false},"excerpt":{"rendered":"<p>Redacci\u00f3n\/Zona Roja Cdmx. Ciudad de M\u00e9xico, a 28 de enero de 2024.- \u00abPr\u00e1cticamente no queda&hellip;<\/p>\n","protected":false},"author":2,"featured_media":61394,"comment_status":"closed","ping_status":"open","sticky":false,"template":"","format":"standard","meta":{"_lmt_disableupdate":"","_lmt_disable":"","_jetpack_memberships_contains_paid_content":false,"footnotes":""},"categories":[109,47],"tags":[2668],"class_list":["post-64695","post","type-post","status-publish","format-standard","has-post-thumbnail","hentry","category-minuto-a-minuto","category-zona-gris","tag-conflicto-gaza-israel"],"jetpack_featured_media_url":"https:\/\/zonaroja.com.mx\/wp-content\/uploads\/2023\/10\/Hospital-Gaza-ataque-Israel.jpeg","jetpack_sharing_enabled":true,"_links":{"self":[{"href":"https:\/\/zonaroja.com.mx\/index.php?rest_route=\/wp\/v2\/posts\/64695","targetHints":{"allow":["GET"]}}],"collection":[{"href":"https:\/\/zonaroja.com.mx\/index.php?rest_route=\/wp\/v2\/posts"}],"about":[{"href":"https:\/\/zonaroja.com.mx\/index.php?rest_route=\/wp\/v2\/types\/post"}],"author":[{"embeddable":true,"href":"https:\/\/zonaroja.com.mx\/index.php?rest_route=\/wp\/v2\/users\/2"}],"replies":[{"embeddable":true,"href":"https:\/\/zonaroja.com.mx\/index.php?rest_route=%2Fwp%2Fv2%2Fcomments&post=64695"}],"version-history":[{"count":2,"href":"https:\/\/zonaroja.com.mx\/index.php?rest_route=\/wp\/v2\/posts\/64695\/revisions"}],"predecessor-version":[{"id":64702,"href":"https:\/\/zonaroja.com.mx\/index.php?rest_route=\/wp\/v2\/posts\/64695\/revisions\/64702"}],"wp:featuredmedia":[{"embeddable":true,"href":"https:\/\/zonaroja.com.mx\/index.php?rest_route=\/wp\/v2\/media\/61394"}],"wp:attachment":[{"href":"https:\/\/zonaroja.com.mx\/index.php?rest_route=%2Fwp%2Fv2%2Fmedia&parent=64695"}],"wp:term":[{"taxonomy":"category","embeddable":true,"href":"https:\/\/zonaroja.com.mx\/index.php?rest_route=%2Fwp%2Fv2%2Fcategories&post=64695"},{"taxonomy":"post_tag","embeddable":true,"href":"https:\/\/zonaroja.com.mx\/index.php?rest_route=%2Fwp%2Fv2%2Ftags&post=64695"}],"curies":[{"name":"wp","href":"https:\/\/api.w.org\/{rel}","templated":true}]}}