{"id":64697,"date":"2024-01-28T12:34:00","date_gmt":"2024-01-28T18:34:00","guid":{"rendered":"http:\/\/www.zonaroja.com.mx\/?p=64697"},"modified":"2024-01-28T07:40:39","modified_gmt":"2024-01-28T13:40:39","slug":"realiza-el-ieepco-consulta-estatal-para-personas-con-discapacidad","status":"publish","type":"post","link":"https:\/\/zonaroja.com.mx\/?p=64697","title":{"rendered":"Realiza el IEEPCO consulta estatal para personas con discapacidad"},"content":{"rendered":"\n<p>Redacci\u00f3n\/Zona Roja.<\/p>\n\n\n\n<p>Oaxaca de Ju\u00e1rez, Oax., a 28 de enero de 2024.- El Instituto Estatal Electoral y de Participaci\u00f3n Ciudadana de Oaxaca (IEEPCO), realiz\u00f3 la etapa estatal de la consulta previa, libre, informada, de buena fe a las personas con discapacidad en el Centro Cultural y de Convenciones de Oaxaca.<\/p>\n\n\n\n<p>Lo anterior atendiendo a lo ordenado por la Sala Regional Xalapa del Tribunal Electoral del Poder Judicial de la Federaci\u00f3n (TEPJF) para establecer las reglas a los Partidos Pol\u00edticos sobre la postulaci\u00f3n de candidaturas de personas con discapacidad en el Proceso Electoral Ordinario 2023-2024.<\/p>\n\n\n\n<p>Esta consulta tambi\u00e9n servir\u00e1 para emitir las cuotas que deber\u00e1n destinar los partidos pol\u00edticos a esta poblaci\u00f3n hist\u00f3ricamente discriminada en el registro de sus candidaturas.<\/p>\n\n\n\n<p>Las personas con discapacidad podr\u00e1n participar en los Consejos Distritales del IEEPCO hasta el 31 de enero, en un horario de lunes a viernes de 10:00 am a 3:00 pm y de 5:00 pm 8:00 pm. Si requieren emitir su opini\u00f3n de manera virtual, deber\u00e1n solicitar el cuestionario v\u00eda WhatsApp al 951 3138292.<\/p>\n\n\n\n<p>La actividad estuvo acompa\u00f1ada en todo momento por el Consejo Consultivo, quienes son activistas, acad\u00e9micos y especialistas en el tema de discapacidad, quienes auxiliaron en las tareas para la realizaci\u00f3n de esta consulta.<\/p>\n\n\n\n<p>Las consejer\u00edas electorales, estuvieron presentes durante la fase estatal, donde observaron el desarrollo y cierre de la consulta a las personas con discapacidad.<\/p>\n","protected":false},"excerpt":{"rendered":"<p>Redacci\u00f3n\/Zona Roja. Oaxaca de Ju\u00e1rez, Oax., a 28 de enero de 2024.- El Instituto Estatal&hellip;<\/p>\n","protected":false},"author":2,"featured_media":64698,"comment_status":"closed","ping_status":"open","sticky":false,"template":"","format":"standard","meta":{"_lmt_disableupdate":"","_lmt_disable":"","_jetpack_memberships_contains_paid_content":false,"footnotes":""},"categories":[109,46],"tags":[2932],"class_list":["post-64697","post","type-post","status-publish","format-standard","has-post-thumbnail","hentry","category-minuto-a-minuto","category-zona-blanca","tag-instituto-estatal-electoral-y-de-participacion-ciudadana-de-oaxaca-ieepco"],"jetpack_featured_media_url":"https:\/\/zonaroja.com.mx\/wp-content\/uploads\/2024\/01\/Discapacitados-consulta-IEEPCO.jpeg","jetpack_sharing_enabled":true,"_links":{"self":[{"href":"https:\/\/zonaroja.com.mx\/index.php?rest_route=\/wp\/v2\/posts\/64697","targetHints":{"allow":["GET"]}}],"collection":[{"href":"https:\/\/zonaroja.com.mx\/index.php?rest_route=\/wp\/v2\/posts"}],"about":[{"href":"https:\/\/zonaroja.com.mx\/index.php?rest_route=\/wp\/v2\/types\/post"}],"author":[{"embeddable":true,"href":"https:\/\/zonaroja.com.mx\/index.php?rest_route=\/wp\/v2\/users\/2"}],"replies":[{"embeddable":true,"href":"https:\/\/zonaroja.com.mx\/index.php?rest_route=%2Fwp%2Fv2%2Fcomments&post=64697"}],"version-history":[{"count":1,"href":"https:\/\/zonaroja.com.mx\/index.php?rest_route=\/wp\/v2\/posts\/64697\/revisions"}],"predecessor-version":[{"id":64699,"href":"https:\/\/zonaroja.com.mx\/index.php?rest_route=\/wp\/v2\/posts\/64697\/revisions\/64699"}],"wp:featuredmedia":[{"embeddable":true,"href":"https:\/\/zonaroja.com.mx\/index.php?rest_route=\/wp\/v2\/media\/64698"}],"wp:attachment":[{"href":"https:\/\/zonaroja.com.mx\/index.php?rest_route=%2Fwp%2Fv2%2Fmedia&parent=64697"}],"wp:term":[{"taxonomy":"category","embeddable":true,"href":"https:\/\/zonaroja.com.mx\/index.php?rest_route=%2Fwp%2Fv2%2Fcategories&post=64697"},{"taxonomy":"post_tag","embeddable":true,"href":"https:\/\/zonaroja.com.mx\/index.php?rest_route=%2Fwp%2Fv2%2Ftags&post=64697"}],"curies":[{"name":"wp","href":"https:\/\/api.w.org\/{rel}","templated":true}]}}