{"id":64707,"date":"2024-01-28T18:24:05","date_gmt":"2024-01-29T00:24:05","guid":{"rendered":"http:\/\/www.zonaroja.com.mx\/?p=64707"},"modified":"2024-01-29T07:24:02","modified_gmt":"2024-01-29T13:24:02","slug":"suman-tres-personas-asesinadas-este-domingo-en-oaxaca","status":"publish","type":"post","link":"https:\/\/zonaroja.com.mx\/?p=64707","title":{"rendered":"Suman tres personas asesinadas este domingo en Oaxaca"},"content":{"rendered":"\n<p>Ismael Garc\u00eda M.\/Zona Roja.<\/p>\n\n\n\n<p>Oaxaca de Ju\u00e1rez, Oax., a 28 de enero de 2024.- En distintos hechos, tres personas han sido asesinadas en Oaxaca por disparos de arma de fuego.<\/p>\n\n\n\n<p>El m\u00e1s reciente caso ocurri\u00f3 en Santiago Pinotepa Nacional, municipio de la regi\u00f3n Costa del estado, donde fue acribillado un motociclista.<\/p>\n\n\n\n<p>A un costado de la carretera federal 200, a la altura de la colonia Laboratorio, fue ultimado un motociclista, joven de aproximadamente 23 a\u00f1os de edad, cuya identidad se desconoce a\u00fan.<\/p>\n\n\n\n<p>Horas antes, en San Pablo Villa de Huitzo, presuntamente durante una ri\u00f1a en un bar denominado \u201cLa Casona\u201d, ubicado en la calle H\u00e9roes de Nacozari esquina con Sabinos, fue asesinada una persona del sexo masculino.<\/p>\n\n\n\n<p>La v\u00edctima fue identificada como Jos\u00e9 Aldredo L. L., de 30 a\u00f1os de edad, y los probables agresores lograron huir del lugar.<\/p>\n\n\n\n<p>Mientras tanto durante la ma\u00f1ana, en la calle Jes\u00fas y San Rafael de la colonia El Rosario, del municipio de Huajuapan de Le\u00f3n, se registr\u00f3 otro crimen.<\/p>\n\n\n\n<p>Fue alrededor de las 08:00 horas en que se escucharon las detonaciones de arma de fuego, tras lo cual arribaron los elementos policiacos.<\/p>\n\n\n\n<p>Sin embargo a su arribo localizaron un cuerpo sin vida, de un hombre cuya identidad a\u00fan se desconoce.&nbsp;<\/p>\n\n\n\n<p>En los tres casos, personal de la Fiscal\u00eda General del Estado de Oaxaca arrib\u00f3 de inmediato para iniciar las indagatorias correspondientes y dar con el o los responsables de los respectivos cr\u00edmenes.<\/p>\n","protected":false},"excerpt":{"rendered":"<p>Ismael Garc\u00eda M.\/Zona Roja. Oaxaca de Ju\u00e1rez, Oax., a 28 de enero de 2024.- En&hellip;<\/p>\n","protected":false},"author":2,"featured_media":64708,"comment_status":"closed","ping_status":"open","sticky":false,"template":"","format":"standard","meta":{"_lmt_disableupdate":"","_lmt_disable":"","_jetpack_memberships_contains_paid_content":false,"footnotes":""},"categories":[109,51],"tags":[594,916,1744],"class_list":["post-64707","post","type-post","status-publish","format-standard","has-post-thumbnail","hentry","category-minuto-a-minuto","category-zona-roja","tag-huajuapan-de-leon","tag-pinotepa-nacional","tag-san-pablo-villa-de-huitzo"],"jetpack_featured_media_url":"https:\/\/zonaroja.com.mx\/wp-content\/uploads\/2024\/01\/Asesinado-Huajuapan-de-Leon.jpeg","jetpack_sharing_enabled":true,"_links":{"self":[{"href":"https:\/\/zonaroja.com.mx\/index.php?rest_route=\/wp\/v2\/posts\/64707","targetHints":{"allow":["GET"]}}],"collection":[{"href":"https:\/\/zonaroja.com.mx\/index.php?rest_route=\/wp\/v2\/posts"}],"about":[{"href":"https:\/\/zonaroja.com.mx\/index.php?rest_route=\/wp\/v2\/types\/post"}],"author":[{"embeddable":true,"href":"https:\/\/zonaroja.com.mx\/index.php?rest_route=\/wp\/v2\/users\/2"}],"replies":[{"embeddable":true,"href":"https:\/\/zonaroja.com.mx\/index.php?rest_route=%2Fwp%2Fv2%2Fcomments&post=64707"}],"version-history":[{"count":2,"href":"https:\/\/zonaroja.com.mx\/index.php?rest_route=\/wp\/v2\/posts\/64707\/revisions"}],"predecessor-version":[{"id":64722,"href":"https:\/\/zonaroja.com.mx\/index.php?rest_route=\/wp\/v2\/posts\/64707\/revisions\/64722"}],"wp:featuredmedia":[{"embeddable":true,"href":"https:\/\/zonaroja.com.mx\/index.php?rest_route=\/wp\/v2\/media\/64708"}],"wp:attachment":[{"href":"https:\/\/zonaroja.com.mx\/index.php?rest_route=%2Fwp%2Fv2%2Fmedia&parent=64707"}],"wp:term":[{"taxonomy":"category","embeddable":true,"href":"https:\/\/zonaroja.com.mx\/index.php?rest_route=%2Fwp%2Fv2%2Fcategories&post=64707"},{"taxonomy":"post_tag","embeddable":true,"href":"https:\/\/zonaroja.com.mx\/index.php?rest_route=%2Fwp%2Fv2%2Ftags&post=64707"}],"curies":[{"name":"wp","href":"https:\/\/api.w.org\/{rel}","templated":true}]}}