{"id":64715,"date":"2024-01-28T21:13:41","date_gmt":"2024-01-29T03:13:41","guid":{"rendered":"http:\/\/www.zonaroja.com.mx\/?p=64715"},"modified":"2024-01-28T21:13:43","modified_gmt":"2024-01-29T03:13:43","slug":"opinion-ya-no-hay-locos","status":"publish","type":"post","link":"https:\/\/zonaroja.com.mx\/?p=64715","title":{"rendered":"Opini\u00f3n. Ya no hay locos"},"content":{"rendered":"\n<p>Diego Enrique Osorno*<\/p>\n\n\n\n<p>Paco Ib\u00e1\u00f1ez canta un poema de Le\u00f3n Felipe durante un viaje por Castilla y Le\u00f3n. Ning\u00fan estrafalario fantasma del desierto se ve por estos lares; all\u00e1 en Madrid (atr\u00e1s o adelante, seg\u00fan se quiera ver), el invierno es menos gris y menos fr\u00edo: el Atl\u00e9tico le ha metido cuatro goles al Real. Un estadio Civitas vuelto loco canta canciones \u00e9picas que homenajean al gabacho Antoine Griezmann y repudian a su majestad Vin\u00edcius J\u00fanior.<\/p>\n\n\n\n<p>Entre las monta\u00f1as que imponen la ruta, la camioneta vibra como las cuerdas de la guitarra con la que Ib\u00e1\u00f1ez entona tambi\u00e9n poemas de B\u00e9cquer, Dar\u00edo, Espronceda, Lorca, Machado, Quevedo y C\u00e9sar Vallejo; por las calles de Sol, turbas de turistas toman selfis con El Oso y el Madro\u00f1o antes de ir de shopping a Fuencarral o atravesar el anuncio de ne\u00f3n de un tablao de flamenco industrial. Madrid, ya casi Barcelona, ofrece al visitante masivo cada vez m\u00e1s confort, por lo tanto, menos sorpresas.<\/p>\n\n\n\n<p>Un humilde parador de Padornelo detiene por un momento la voz carrasposa de Ib\u00e1\u00f1ez. En la cocina preparan jabal\u00ed&nbsp;asado y otras viandas menos rebuscadas, pero los comensales escuchan un inesperado reguet\u00f3n. La camarista, hija de uno de los cazadores del pueblo, perturba la mansedumbre con sus gestos misteriosos; en Madrid, la cordura ya est\u00e1 m\u00e1s afianzada que nunca en la plaza Tirso de Molina, donde faltan avistamientos de Joaqu\u00edn Sabina pidiendo en el bar de abajo de su piso un vaso con agua que en realidad est\u00e1 lleno de whisky.<\/p>\n\n\n\n<p>\u201cPor una canci\u00f3n\u201d, se llama el disco que Ib\u00e1\u00f1ez grab\u00f3 en 1990 y que ahora, cortes\u00eda de YouTube, ha vuelto a retumbar por senderos carreteros de Castilla y Le\u00f3n. El vinil de ese disco viene envuelto por una bella cubierta ilustrada con un original de Guillaume Cornelis van Beverloo, un artista holand\u00e9s mejor conocido como \u201cCorneille\u201d, cuya ex\u00f3tica obra deambula entre Mir\u00f3 y las artes africanas; por Salamanca, no la ciudad cervantina, sino el barrio pudiente de Madrid, cada vez pasean m\u00e1s mexicanos y venezolanos ricos y exiliados de la mala vida latinoamericana. Ex presidentes excarcelados con visas doradas que abren la puerta de Alcal\u00e1.<\/p>\n\n\n\n<p>El Rastro, aunque a\u00fan se siente castizo, cada vez es m\u00e1s market y menos mercadillo. Todo el mundo est\u00e1 cuerdo, terrible, horriblemente cuerdo, canta la camioneta castellanoleonesa.<\/p>\n\n\n\n<p>*Escritor y periodista.<\/p>\n\n\n\n<p>@DiegoEOsorno<\/p>\n","protected":false},"excerpt":{"rendered":"<p>Diego Enrique Osorno* Paco Ib\u00e1\u00f1ez canta un poema de Le\u00f3n Felipe durante un viaje por&hellip;<\/p>\n","protected":false},"author":2,"featured_media":48560,"comment_status":"closed","ping_status":"open","sticky":false,"template":"","format":"standard","meta":{"_lmt_disableupdate":"","_lmt_disable":"","_jetpack_memberships_contains_paid_content":false,"footnotes":""},"categories":[456,109],"tags":[3020],"class_list":["post-64715","post","type-post","status-publish","format-standard","has-post-thumbnail","hentry","category-columna","category-minuto-a-minuto","tag-diego-enrique-osorno"],"jetpack_featured_media_url":"https:\/\/zonaroja.com.mx\/wp-content\/uploads\/2022\/11\/Diego-Enrique-Osorno.jpeg","jetpack_sharing_enabled":true,"_links":{"self":[{"href":"https:\/\/zonaroja.com.mx\/index.php?rest_route=\/wp\/v2\/posts\/64715","targetHints":{"allow":["GET"]}}],"collection":[{"href":"https:\/\/zonaroja.com.mx\/index.php?rest_route=\/wp\/v2\/posts"}],"about":[{"href":"https:\/\/zonaroja.com.mx\/index.php?rest_route=\/wp\/v2\/types\/post"}],"author":[{"embeddable":true,"href":"https:\/\/zonaroja.com.mx\/index.php?rest_route=\/wp\/v2\/users\/2"}],"replies":[{"embeddable":true,"href":"https:\/\/zonaroja.com.mx\/index.php?rest_route=%2Fwp%2Fv2%2Fcomments&post=64715"}],"version-history":[{"count":1,"href":"https:\/\/zonaroja.com.mx\/index.php?rest_route=\/wp\/v2\/posts\/64715\/revisions"}],"predecessor-version":[{"id":64716,"href":"https:\/\/zonaroja.com.mx\/index.php?rest_route=\/wp\/v2\/posts\/64715\/revisions\/64716"}],"wp:featuredmedia":[{"embeddable":true,"href":"https:\/\/zonaroja.com.mx\/index.php?rest_route=\/wp\/v2\/media\/48560"}],"wp:attachment":[{"href":"https:\/\/zonaroja.com.mx\/index.php?rest_route=%2Fwp%2Fv2%2Fmedia&parent=64715"}],"wp:term":[{"taxonomy":"category","embeddable":true,"href":"https:\/\/zonaroja.com.mx\/index.php?rest_route=%2Fwp%2Fv2%2Fcategories&post=64715"},{"taxonomy":"post_tag","embeddable":true,"href":"https:\/\/zonaroja.com.mx\/index.php?rest_route=%2Fwp%2Fv2%2Ftags&post=64715"}],"curies":[{"name":"wp","href":"https:\/\/api.w.org\/{rel}","templated":true}]}}