{"id":64719,"date":"2024-01-29T09:16:00","date_gmt":"2024-01-29T15:16:00","guid":{"rendered":"http:\/\/www.zonaroja.com.mx\/?p=64719"},"modified":"2024-01-29T07:17:56","modified_gmt":"2024-01-29T13:17:56","slug":"opinion-la-desesperacion-de-neri-y-los-pleitos-entre-morenistas","status":"publish","type":"post","link":"https:\/\/zonaroja.com.mx\/?p=64719","title":{"rendered":"Opini\u00f3n. La desesperaci\u00f3n de Neri y los pleitos entre morenistas"},"content":{"rendered":"\n<p>Ismael Garc\u00eda M.\/Zona Roja.<\/p>\n\n\n\n<p>Oaxaca de Ju\u00e1rez, Oax., a 29 de enero de 2024.- El desplome de la tarima en que Francisco Mart\u00ednez Neri culmin\u00f3 la noche del domingo su marcha-mitin, es una se\u00f1al de que el presidente municipal de Oaxaca de Ju\u00e1rez va en ca\u00edda.<\/p>\n\n\n\n<p>Pero no s\u00f3lo \u00e9l, sino el morenismo en la capital del estado va en picada, producto de la intensa guerra que sostienen los aspirantes de ese partido pol\u00edtico por la principal alcald\u00eda de los 570 municipios de la entidad.<\/p>\n\n\n\n<p>Por otro lado, la joya de la corona est\u00e1 en manos del Partido Morena desde hace dos trienios, el de Oswaldo Garc\u00eda Jarqu\u00edn y el de Mart\u00ednez Neri, pero que en los hechos en absoluto se ha traducido en beneficio para el \u201cpueblo bueno y sabio\u201d, que representa m\u00e1s de 300 mil personas en el municipio.<\/p>\n\n\n\n<p>Por el contrario, d\u00eda con d\u00eda la inseguridad se agrava; la crisis de la basura no cede desde hace a\u00f1o y medio, y ahora viene la crisis del agua, de la que el ayuntamiento prefiere lavarse las manos y dejar la soluci\u00f3n al Gobierno del Estado.<\/p>\n\n\n\n<p>En ese contexto, con la triplete partidista que lleva a X\u00f3chitl G\u00e1lvez Ruiz, no es descabellado que el PRI-PAN-PRD recupere la ciudad de Oaxaca, si impulsa a un buen candidato o candidata, con amplia trayectoria y adem\u00e1s aceptaci\u00f3n popular.<\/p>\n\n\n\n<p>FUERA DE LA LEY<\/p>\n\n\n\n<p>Desde hace varios meses, los morenistas violan la ley de manera flagrante en Oaxaca de Ju\u00e1rez y muchos lados m\u00e1s. Bueno, ellos justifican que no violan la ley y tienen raz\u00f3n: la burlan.<\/p>\n\n\n\n<p>Como en los viejos tiempos del PRI y sus \u201cmapacher\u00edas\u201d, han buscado toda clase de recovecos para mofarse de la autoridad electoral y, por supuesto, de los ciudadanos.<\/p>\n\n\n\n<p>Por doquier hay bardas, espectaculares, calcas en autobuses y taxis, con la supuesta promoci\u00f3n de \u201centrevistas\u201d o \u201creportajes\u201d en medios informativos que nadie conoce o escucha.<\/p>\n\n\n\n<p>As\u00ed Luis Alfonso Silva Romo, Lizett Arroyo y Aide\u00e9 Reyes, entre otros, han colocado la mayor cantidad de publicidad por todos lados de la capital, incluso en la zona conurbada, en busca de posicionar su imagen.<\/p>\n\n\n\n<p>En ese contexto se ha dado una guerra de denostaciones entre ellos, incluyendo Mart\u00ednez Neri, para descalificarse mutuamente y tratar de posicionarse; las redes sociales y el anonimato, las principales armas de los supuestos pol\u00edticos.<\/p>\n\n\n\n<p>Una de ellas, Lizett Arroyo, ha tenido que recurrir a las denuncias por violencia de g\u00e9nero, incluyendo en contra de periodistas, ante la serie de andanadas y trampas que le han puesto.<\/p>\n\n\n\n<p>Pero quien ni se inmuta es Silva Romo, pues su gris desempe\u00f1o lo ha cubierto con excesivas cantidades de dinero. De hecho, el a\u00fan diputado local es quien tiene el mayor n\u00famero de espacios publicitarios en la ciudad y zona metropolitana; todav\u00eda se recuerda el megaacarreo de gente que hizo cuando rindi\u00f3 su supuesto informe legislativo, en el auditorio \u201cGuelaguetza\u201d.<\/p>\n\n\n\n<p>Y basa tambi\u00e9n su confianza en No\u00e9 Jara Cruz, el hermano del gobernador, quien lo trae cual lazarillo para arriba y para abajo; lo rega\u00f1a, le enmienda, le dice con quien reunirse, le consigue apoyos del gobierno\u2026 y pese a ello Silva Romo no crece.<\/p>\n\n\n\n<p>NERI RETRASADO<\/p>\n\n\n\n<p>El pasado jueves 25 de enero, Francisco Mart\u00ednez Neri por fin se decidi\u00f3 a solicitar permiso al Cabildo, pero s\u00f3lo por 14 d\u00edas. Tarde se dio cuenta que su imagen simplemente no crece, debido a un p\u00e9simo gobierno municipal.<\/p>\n\n\n\n<p>Tan urgente su solicitud que ni siquiera se present\u00f3 a dicha sesi\u00f3n y dos horas m\u00e1s tarde dio una conferencia para decir que lo hizo \u201cpara no violar la ley\u201d.<\/p>\n\n\n\n<p>Pero se le olvid\u00f3 mencionar que, desde hace varias semanas, todas las tardes y noches se dedic\u00f3 a recorrer colonias y agencias de la capital, para promover su imagen.<\/p>\n\n\n\n<p>Incluso abiertamente pidi\u00f3 a la ciudadan\u00eda decidir por la \u201ccontinuidad\u201d, en la reelecci\u00f3n que pretende.<\/p>\n\n\n\n<p>Sin embargo, ni siquiera necesita a enemigos pol\u00edticos externos para perjudicar su gobierno, pues los tiene en el palacio municipal, y uno de ellos es Felipe Canseco Ruiz.<\/p>\n\n\n\n<p>Durante dos a\u00f1os, lo \u00fanico que se ha visto de Mart\u00ednez Neri son errores y omisiones graves, como la impunidad en el caso del saqueo del encierro \u201cPrimavera\u201d, donde se hurtaron m\u00e1s de 700 unidades de motor y todo sigue impune. Pero incluso, un funcionario, presuntamente involucrado, fue removido recientemente a otro cargo.<\/p>\n\n\n\n<p>Los se\u00f1alados ese delito, por cierto, son allegados a Canseco Ruiz.<\/p>\n\n\n\n<p>\u00bfLa basura? Todos los d\u00edas y por todas partes hay montones y montones de desechos. Y el gobierno municipal sigue contribuyendo a la grave contaminaci\u00f3n con su tiradero en las orillas del r\u00edo \u201cAtoyac\u201d.<\/p>\n\n\n\n<p>Mientras que la inseguridad crece de manera alarmante por todas partes, incluyendo el Centro Hist\u00f3rico; la crisis del agua toca ya todas las puertas, pero el gobierno de Neri sigue omiso.<\/p>\n\n\n\n<p>Por cierto, \u00bfya olvid\u00f3 el edil con licencia la sanci\u00f3n contra el presunto saqueo de Oswaldo Garc\u00eda Jarqu\u00edn, su antecesor? \u00c9ste se r\u00ede y, por el contrario, ahora busca otro cargo de representaci\u00f3n popular.<\/p>\n\n\n\n<p>\u00bfADI\u00d3S MORENA?<\/p>\n\n\n\n<p>A nivel nacional, como estatal, el Partido Morena decrece, como ya lo hemos dicho en este espacio, primero por la necedad, tanto a nivel nacional como estatal, de seguir atrayendo para su causa a lo peor del PRI, como ya hemos puesto tambi\u00e9n m\u00faltiples ejemplos, entre ellos Alejandro Murat Hinojosa.<\/p>\n\n\n\n<p>Y segundo, por el cobro de facturas contra el gobierno de Andr\u00e9s Manuel L\u00f3pez Obrador, que continuamente inaugura obras de gran envergadura pero inconclusas y pol\u00e9micas; por los se\u00f1alamientos de presunta corrupci\u00f3n en su administraci\u00f3n, alentada por sus hijos; y con la pasividad hacia el crimen organizado, que d\u00eda con d\u00eda se apodera de m\u00e1s tramos del pa\u00eds.<\/p>\n\n\n\n<p>El morenismo no la tiene f\u00e1cil en el municipio de Oaxaca de Ju\u00e1rez y la guerra seguir\u00e1; Silva Romo continuar\u00e1 con su derroche de dinero, presuntamente del Congreso del Estado, pero atado a No\u00e9 Jara; Lizett Arroyo tendr\u00eda posilibidades si el partido opta por una tercera opci\u00f3n. Pero de cualquier manera, Morena est\u00e1 herido.<\/p>\n\n\n\n<p>La preocupaci\u00f3n de quienes abogan por la \u201cCuarta Transformaci\u00f3n\u201d crecer\u00e1 cuando se enteren qui\u00e9n ser\u00e1 el o la candidata a la presidencia municipal, por parte del PRI-PAN-PRD.<\/p>\n","protected":false},"excerpt":{"rendered":"<p>Ismael Garc\u00eda M.\/Zona Roja. Oaxaca de Ju\u00e1rez, Oax., a 29 de enero de 2024.- El&hellip;<\/p>\n","protected":false},"author":2,"featured_media":41735,"comment_status":"closed","ping_status":"open","sticky":false,"template":"","format":"standard","meta":{"_lmt_disableupdate":"","_lmt_disable":"","_jetpack_memberships_contains_paid_content":false,"footnotes":""},"categories":[456,109,48],"tags":[1353],"class_list":["post-64719","post","type-post","status-publish","format-standard","has-post-thumbnail","hentry","category-columna","category-minuto-a-minuto","category-zona-critica","tag-opinion-zona-critica"],"jetpack_featured_media_url":"https:\/\/zonaroja.com.mx\/wp-content\/uploads\/2022\/05\/Opinion-Ismael-Garcia-M.jpg","jetpack_sharing_enabled":true,"_links":{"self":[{"href":"https:\/\/zonaroja.com.mx\/index.php?rest_route=\/wp\/v2\/posts\/64719","targetHints":{"allow":["GET"]}}],"collection":[{"href":"https:\/\/zonaroja.com.mx\/index.php?rest_route=\/wp\/v2\/posts"}],"about":[{"href":"https:\/\/zonaroja.com.mx\/index.php?rest_route=\/wp\/v2\/types\/post"}],"author":[{"embeddable":true,"href":"https:\/\/zonaroja.com.mx\/index.php?rest_route=\/wp\/v2\/users\/2"}],"replies":[{"embeddable":true,"href":"https:\/\/zonaroja.com.mx\/index.php?rest_route=%2Fwp%2Fv2%2Fcomments&post=64719"}],"version-history":[{"count":1,"href":"https:\/\/zonaroja.com.mx\/index.php?rest_route=\/wp\/v2\/posts\/64719\/revisions"}],"predecessor-version":[{"id":64720,"href":"https:\/\/zonaroja.com.mx\/index.php?rest_route=\/wp\/v2\/posts\/64719\/revisions\/64720"}],"wp:featuredmedia":[{"embeddable":true,"href":"https:\/\/zonaroja.com.mx\/index.php?rest_route=\/wp\/v2\/media\/41735"}],"wp:attachment":[{"href":"https:\/\/zonaroja.com.mx\/index.php?rest_route=%2Fwp%2Fv2%2Fmedia&parent=64719"}],"wp:term":[{"taxonomy":"category","embeddable":true,"href":"https:\/\/zonaroja.com.mx\/index.php?rest_route=%2Fwp%2Fv2%2Fcategories&post=64719"},{"taxonomy":"post_tag","embeddable":true,"href":"https:\/\/zonaroja.com.mx\/index.php?rest_route=%2Fwp%2Fv2%2Ftags&post=64719"}],"curies":[{"name":"wp","href":"https:\/\/api.w.org\/{rel}","templated":true}]}}