{"id":6472,"date":"2019-12-08T08:04:33","date_gmt":"2019-12-08T14:04:33","guid":{"rendered":"http:\/\/www.zonaroja.com.mx\/?p=6472"},"modified":"2019-12-08T08:04:37","modified_gmt":"2019-12-08T14:04:37","slug":"festividades-de-juquila-entre-riesgos-e-incertidumbre-para-peregrinos","status":"publish","type":"post","link":"https:\/\/zonaroja.com.mx\/?p=6472","title":{"rendered":"Festividades de Juquila, entre riesgos e incertidumbre para peregrinos"},"content":{"rendered":"\n<p>Redacci\u00f3n\/Zona Roja.<\/p>\n\n\n\n<p>Oaxaca de Ju\u00e1rez, Oax., 8 de diciembre\nde 2019.- Una de las principales fiestas religiosas de Oaxaca, se lleva a cabo\neste domingo en medio de la incertidumbre, la inseguridad y v\u00eda crucis para los\nperegrinos.<\/p>\n\n\n\n<p>Se trata de la festividad en honor a la virgen\nde Juquila, situada en Santa Catarina Juquila, Oaxaca, a la que acuden al a\u00f1o\ncerca de tres millones de peregrinos, que adem\u00e1s visitan \u201cEl Pedimento\u201d, santuario\nsituado en terrenos comunales en disputa.<\/p>\n\n\n\n<p>Lo anterior en el marco de diversos\nhechos violentos derivados del conflicto agrario que mantienen habitantes de Juquila\ncon Santiago Yaitepec en la zona chatina de la entidad oaxaque\u00f1a y que el fin\nde semana pasado cobr\u00f3 como saldo una v\u00edctima mortal en el desalojo realizado\npor las fuerzas de seguridad.<\/p>\n\n\n\n<p>De acuerdo con testigo en la zona, el 30\nde noviembre, Maximina Carmona Salinas, de 77 a\u00f1os de edad, comerciante,\ndedicada a la venta de tortillas y tamales, fue empujada bruscamente por los\nelementos de la fuerza p\u00fablica, quienes adem\u00e1s le rociaron gas lacrim\u00f3geno\nmientras realizaba su actividad comercial diaria en inmediaciones de \u201cEl\nPedimento\u201d.<\/p>\n\n\n\n<p>Habitantes de Yaitepec se llevaron la\npeor parte con la intervenci\u00f3n de la Polic\u00eda Estatal y la Guardia Nacional en\nla zona, ello a petici\u00f3n de pobladores de Santa Catarina Juquila que\nencabezaron una serie de movilizaciones en la capital de Oaxaca.<\/p>\n\n\n\n<p>El domingo 1 de diciembre, fuerzas\npoliciacas efectuaron otro operativo violento, que incluy\u00f3 arrojar gases\nlacrim\u00f3genos desde un helic\u00f3ptero, para despejar el bloqueo carretero en el\nParaje R\u00edo Manteca.<\/p>\n\n\n\n<p>Luego del operativo, pobladores de\nJuquila anunciaron el lunes 2 de diciembre su retiro de la capital y\nadvirtieron de su regreso en caso de que no se cumplan los acuerdos generados en\nlos \u00faltimos d\u00edas.<\/p>\n\n\n\n<p>Debido a la fiesta mayor en Juquila, el\nsacerdote de la poblaci\u00f3n, Jacinto L\u00f3pez Monta\u00f1o, quien tambi\u00e9n particip\u00f3 en\nlas acciones de protesta en la capital del estado, pidi\u00f3 la permanencia de la\nGuardia Nacional en la zona ya que dijo se busca seguridad para las y los\nhabitantes, tambi\u00e9n para miles de feligreses que se dan cita a\u00f1o con a\u00f1o en el\nsantuario religioso m\u00e1s importante de Oaxaca.<\/p>\n\n\n\n<p>Mientras que un grupo de pobladores de\nYaitepec llegaron en caravana el 4 de diciembre a la ciudad de Oaxaca, para\npresentar quejas ante la Defensor\u00eda de los Derechos Humanos del Pueblo de\nOaxaca.<\/p>\n\n\n\n<p>Luego se trasladaron a la Ciudad de\nM\u00e9xico para exigir la intervenci\u00f3n de las autoridades federales en el\nconflicto, consiguiendo medidas cautelares por parte de la Comisi\u00f3n Nacional de\nDerechos Humanos (CNDH) para las autoridades comunales y representantes legales\npresuntamente amenazados.<\/p>\n\n\n\n<p>Asimismo, consiguieron una pr\u00f3xima\nreuni\u00f3n con la secretaria de Gobernaci\u00f3n Olga S\u00e1nchez Cordero, para que escuche\nsus demandas y se generen las rutas para su atenci\u00f3n.<\/p>\n\n\n\n<p>Este s\u00e1bado regresaron a su lugar de\norigen ante la incertidumbre de lo que pueda pasar este fin de semana en\ninmediaciones de \u201cEl Pedimento, que concentra un importante n\u00famero de\nfeligreses y se encuentra reguardado por elementos de seguridad p\u00fablica; el\nconflicto sigue latente y no se descartan bloqueos carreteros en la zona.&nbsp; <\/p>\n\n\n\n<p>Este domingo 8 de diciembre, la\nfeligres\u00eda cat\u00f3lica en Oaxaca celebra a la virgen de Juquila, tanto en Santa\nCatarina, como en diversos puntos de la entidad.<\/p>\n","protected":false},"excerpt":{"rendered":"<p>Redacci\u00f3n\/Zona Roja. Oaxaca de Ju\u00e1rez, Oax., 8 de diciembre de 2019.- Una de las principales&hellip;<\/p>\n","protected":false},"author":2,"featured_media":6473,"comment_status":"closed","ping_status":"open","sticky":false,"template":"","format":"standard","meta":{"_lmt_disableupdate":"","_lmt_disable":"","_jetpack_memberships_contains_paid_content":false,"footnotes":""},"categories":[109,47],"tags":[556,545],"class_list":["post-6472","post","type-post","status-publish","format-standard","has-post-thumbnail","hentry","category-minuto-a-minuto","category-zona-gris","tag-conflicto-yaitepec-juquila","tag-santa-catarina-juquila"],"jetpack_featured_media_url":"https:\/\/zonaroja.com.mx\/wp-content\/uploads\/2019\/12\/SC-Juquila.jpg","jetpack_sharing_enabled":true,"_links":{"self":[{"href":"https:\/\/zonaroja.com.mx\/index.php?rest_route=\/wp\/v2\/posts\/6472","targetHints":{"allow":["GET"]}}],"collection":[{"href":"https:\/\/zonaroja.com.mx\/index.php?rest_route=\/wp\/v2\/posts"}],"about":[{"href":"https:\/\/zonaroja.com.mx\/index.php?rest_route=\/wp\/v2\/types\/post"}],"author":[{"embeddable":true,"href":"https:\/\/zonaroja.com.mx\/index.php?rest_route=\/wp\/v2\/users\/2"}],"replies":[{"embeddable":true,"href":"https:\/\/zonaroja.com.mx\/index.php?rest_route=%2Fwp%2Fv2%2Fcomments&post=6472"}],"version-history":[{"count":1,"href":"https:\/\/zonaroja.com.mx\/index.php?rest_route=\/wp\/v2\/posts\/6472\/revisions"}],"predecessor-version":[{"id":6474,"href":"https:\/\/zonaroja.com.mx\/index.php?rest_route=\/wp\/v2\/posts\/6472\/revisions\/6474"}],"wp:featuredmedia":[{"embeddable":true,"href":"https:\/\/zonaroja.com.mx\/index.php?rest_route=\/wp\/v2\/media\/6473"}],"wp:attachment":[{"href":"https:\/\/zonaroja.com.mx\/index.php?rest_route=%2Fwp%2Fv2%2Fmedia&parent=6472"}],"wp:term":[{"taxonomy":"category","embeddable":true,"href":"https:\/\/zonaroja.com.mx\/index.php?rest_route=%2Fwp%2Fv2%2Fcategories&post=6472"},{"taxonomy":"post_tag","embeddable":true,"href":"https:\/\/zonaroja.com.mx\/index.php?rest_route=%2Fwp%2Fv2%2Ftags&post=6472"}],"curies":[{"name":"wp","href":"https:\/\/api.w.org\/{rel}","templated":true}]}}