{"id":64726,"date":"2024-01-29T08:30:00","date_gmt":"2024-01-29T14:30:00","guid":{"rendered":"http:\/\/www.zonaroja.com.mx\/?p=64726"},"modified":"2024-01-29T07:46:57","modified_gmt":"2024-01-29T13:46:57","slug":"desarticula-fiscalia-de-oaxaca-banda-delictiva-en-la-region-mixteca","status":"publish","type":"post","link":"https:\/\/zonaroja.com.mx\/?p=64726","title":{"rendered":"Desarticula Fiscal\u00eda de Oaxaca banda delictiva en la regi\u00f3n Mixteca"},"content":{"rendered":"\n<p>Redacci\u00f3n\/Zona Roja.&nbsp;<\/p>\n\n\n\n<p>Oaxaca de Ju\u00e1rez, Oax., a 29 de enero de 2024.- Derivado de las investigaciones ministeriales a cargo de la Fiscal\u00eda General del Estado de Oaxaca (FGEO) se ejecutaron seis cateos en Santiago Tamazola, en la regi\u00f3n de la Mixteca, que dieron como resultado la aprehensi\u00f3n de objetivos prioritarios y desarticulaci\u00f3n de la banda conocida como \u201cLos Pochotes\u201d, dedicada a la comisi\u00f3n de delitos de alto impacto como robo a transportistas, extorsi\u00f3n, cobr\u00f3 de piso, entre otros; se estableci\u00f3 que la zona de operaci\u00f3n de este grupo era la franja divisoria de entre el estado de Puebla y Oaxaca.<\/p>\n\n\n\n<p>El trabajo coordinado entre la FGEO, a trav\u00e9s de la Agencia Estatal de Investigaciones (AEI), junto a la Secretar\u00eda de la Defensa Nacional (Sedena), Secretar\u00eda de Marina (Semar), Guardia Nacional y la Polic\u00eda Estatal de la Secretar\u00eda de Seguridad y Protecci\u00f3n Ciudadana, hicieron posible efectuar este operativo en el que se detuvo a tres personas del sexo masculino identificadas como M.B.A., R.B.A. y J.E.M., as\u00ed como una mujer identificada como H.V.A.V., como probables responsables del Delito contra la Salud en su Modalidad de Narcomenudeo y Actos que Atenten contra Actividades de Seguridad P\u00fablica y del Estado, entre otros il\u00edcitos de alto impacto.<\/p>\n\n\n\n<p>Adem\u00e1s, durante el operativo se hizo el aseguramiento de armas de fuego cortas y largas de diferentes calibres, junto con cartuchos \u00fatiles de varios calibres, as\u00ed como dosis de diversas drogas con caracter\u00edsticas similares a la mariguana, coca\u00edna y cristal.<\/p>\n\n\n\n<p>Tras la captura de las cuatro personas, de quienes se presume ten\u00edan diferentes roles dentro de la organizaci\u00f3n delictiva, fueron puestos a disposici\u00f3n del Juez de Control, quien determin\u00f3 que la aprehensi\u00f3n fue legal, adem\u00e1s que comunic\u00f3 la imputaci\u00f3n y dict\u00f3 la prisi\u00f3n preventiva medida cautelar, mientras que las personas imputadas se acogieron al t\u00e9rmino constitucional.<\/p>\n\n\n\n<p>La Fiscal\u00eda General del Estado reitera su compromiso con la realizaci\u00f3n de acciones que permitan reducir los \u00edndices delictivos, adem\u00e1s prioriza acciones que permitan presentar ante la justicia a quien o quienes se apropien de forma indebida del patrimonio de las empresas y la sociedad en general.<\/p>\n\n\n\n<p>(Comunicado)<\/p>\n","protected":false},"excerpt":{"rendered":"<p>Redacci\u00f3n\/Zona Roja.&nbsp; Oaxaca de Ju\u00e1rez, Oax., a 29 de enero de 2024.- Derivado de las&hellip;<\/p>\n","protected":false},"author":2,"featured_media":64727,"comment_status":"closed","ping_status":"open","sticky":false,"template":"","format":"standard","meta":{"_lmt_disableupdate":"","_lmt_disable":"","_jetpack_memberships_contains_paid_content":false,"footnotes":""},"categories":[109,46],"tags":[494],"class_list":["post-64726","post","type-post","status-publish","format-standard","has-post-thumbnail","hentry","category-minuto-a-minuto","category-zona-blanca","tag-fiscalia-general-del-estado-de-oaxaca"],"jetpack_featured_media_url":"https:\/\/zonaroja.com.mx\/wp-content\/uploads\/2024\/01\/Detenidos-banda-los-pochotes-mixteca-Fiscalia.jpg","jetpack_sharing_enabled":true,"_links":{"self":[{"href":"https:\/\/zonaroja.com.mx\/index.php?rest_route=\/wp\/v2\/posts\/64726","targetHints":{"allow":["GET"]}}],"collection":[{"href":"https:\/\/zonaroja.com.mx\/index.php?rest_route=\/wp\/v2\/posts"}],"about":[{"href":"https:\/\/zonaroja.com.mx\/index.php?rest_route=\/wp\/v2\/types\/post"}],"author":[{"embeddable":true,"href":"https:\/\/zonaroja.com.mx\/index.php?rest_route=\/wp\/v2\/users\/2"}],"replies":[{"embeddable":true,"href":"https:\/\/zonaroja.com.mx\/index.php?rest_route=%2Fwp%2Fv2%2Fcomments&post=64726"}],"version-history":[{"count":1,"href":"https:\/\/zonaroja.com.mx\/index.php?rest_route=\/wp\/v2\/posts\/64726\/revisions"}],"predecessor-version":[{"id":64728,"href":"https:\/\/zonaroja.com.mx\/index.php?rest_route=\/wp\/v2\/posts\/64726\/revisions\/64728"}],"wp:featuredmedia":[{"embeddable":true,"href":"https:\/\/zonaroja.com.mx\/index.php?rest_route=\/wp\/v2\/media\/64727"}],"wp:attachment":[{"href":"https:\/\/zonaroja.com.mx\/index.php?rest_route=%2Fwp%2Fv2%2Fmedia&parent=64726"}],"wp:term":[{"taxonomy":"category","embeddable":true,"href":"https:\/\/zonaroja.com.mx\/index.php?rest_route=%2Fwp%2Fv2%2Fcategories&post=64726"},{"taxonomy":"post_tag","embeddable":true,"href":"https:\/\/zonaroja.com.mx\/index.php?rest_route=%2Fwp%2Fv2%2Ftags&post=64726"}],"curies":[{"name":"wp","href":"https:\/\/api.w.org\/{rel}","templated":true}]}}