{"id":64739,"date":"2024-01-29T14:21:00","date_gmt":"2024-01-29T20:21:00","guid":{"rendered":"http:\/\/www.zonaroja.com.mx\/?p=64739"},"modified":"2024-01-29T08:22:36","modified_gmt":"2024-01-29T14:22:36","slug":"urgen-justicia-social-en-abasto-de-agua-salud-y-seguridad-en-la-capital-martin-vazquez","status":"publish","type":"post","link":"https:\/\/zonaroja.com.mx\/?p=64739","title":{"rendered":"Urgen justicia social en abasto de agua, salud y seguridad en la capital: Mart\u00edn V\u00e1zquez"},"content":{"rendered":"\n<p>Yuridiana Sosa\/Zona Roja.<\/p>\n\n\n\n<p>Oaxaca de Ju\u00e1rez, Oax., 29 de enero de 2024.- Pese a los diversos apoyos que la poblaci\u00f3n recibe desde el gobierno federal y que algunos gobiernos estatales o municipales han replicado, permanecen carencias importantes para la ciudadan\u00eda, se\u00f1al\u00f3 el doctor Mart\u00edn V\u00e1zquez Villanueva.<\/p>\n\n\n\n<p>Al t\u00e9rmino de la conferencia relacionada a la justicia, como parte del ciclo de ponencias \u201cLa ciudad de Oaxaca, Patrimonio de la Humanidad, y sus grandes problemas\u201d, el pol\u00edtico oaxaque\u00f1o comparti\u00f3 los otros aspectos en la sociedad en los que tambi\u00e9n se cometen injusticias.<\/p>\n\n\n\n<p>En ese sentido, se\u00f1al\u00f3 que un ejemplo de ello es la desatenci\u00f3n a la salud, algo que socialmente duele, pues no hay gobierno que se responsabilice en garantizar la atenci\u00f3n m\u00e9dica de la poblaci\u00f3n.<\/p>\n\n\n\n<p>Si bien, los programas sociales han remediado algunas carencias de los ciudadanos, existen otros servicios b\u00e1sicos como el abasto del agua potable que a\u00fan son una necesidad entre los capitalinos.<\/p>\n\n\n\n<p>Otro dolor m\u00e1s de la sociedad es la falta de seguridad, la cual cada vez se deteriora m\u00e1s, sin que tampoco ning\u00fan gobierno se responsabilice.<\/p>\n\n\n\n<p>En su intervenci\u00f3n, V\u00e1zquez Villanueva indic\u00f3 que el objetivo de la jornada de conferencia permite tener un panorama m\u00e1s profundo de las problem\u00e1ticas, desde la mirada de especialistas, todo ello con el fin de promover pol\u00edticas p\u00fablicas que permitan mejorar la vida de la poblaci\u00f3n.<\/p>\n\n\n\n<p>Su participaci\u00f3n ocurri\u00f3 el pasado fin de semana, al t\u00e9rmino de la conferencia que imparti\u00f3 la especialista en temas de justicia, Ana Laura Magaloni, moderado por el historiador mexicano Carlos Tello.<\/p>\n","protected":false},"excerpt":{"rendered":"<p>Yuridiana Sosa\/Zona Roja. Oaxaca de Ju\u00e1rez, Oax., 29 de enero de 2024.- Pese a los&hellip;<\/p>\n","protected":false},"author":2,"featured_media":64648,"comment_status":"closed","ping_status":"open","sticky":false,"template":"","format":"standard","meta":{"_lmt_disableupdate":"","_lmt_disable":"","_jetpack_memberships_contains_paid_content":false,"footnotes":""},"categories":[109,46],"tags":[1582],"class_list":["post-64739","post","type-post","status-publish","format-standard","has-post-thumbnail","hentry","category-minuto-a-minuto","category-zona-blanca","tag-martin-vasquez-villanueva"],"jetpack_featured_media_url":"https:\/\/zonaroja.com.mx\/wp-content\/uploads\/2024\/01\/Ana-Laura-Magaloni-Oaxaca-Martin-Vasquez.jpg","jetpack_sharing_enabled":true,"_links":{"self":[{"href":"https:\/\/zonaroja.com.mx\/index.php?rest_route=\/wp\/v2\/posts\/64739","targetHints":{"allow":["GET"]}}],"collection":[{"href":"https:\/\/zonaroja.com.mx\/index.php?rest_route=\/wp\/v2\/posts"}],"about":[{"href":"https:\/\/zonaroja.com.mx\/index.php?rest_route=\/wp\/v2\/types\/post"}],"author":[{"embeddable":true,"href":"https:\/\/zonaroja.com.mx\/index.php?rest_route=\/wp\/v2\/users\/2"}],"replies":[{"embeddable":true,"href":"https:\/\/zonaroja.com.mx\/index.php?rest_route=%2Fwp%2Fv2%2Fcomments&post=64739"}],"version-history":[{"count":1,"href":"https:\/\/zonaroja.com.mx\/index.php?rest_route=\/wp\/v2\/posts\/64739\/revisions"}],"predecessor-version":[{"id":64740,"href":"https:\/\/zonaroja.com.mx\/index.php?rest_route=\/wp\/v2\/posts\/64739\/revisions\/64740"}],"wp:featuredmedia":[{"embeddable":true,"href":"https:\/\/zonaroja.com.mx\/index.php?rest_route=\/wp\/v2\/media\/64648"}],"wp:attachment":[{"href":"https:\/\/zonaroja.com.mx\/index.php?rest_route=%2Fwp%2Fv2%2Fmedia&parent=64739"}],"wp:term":[{"taxonomy":"category","embeddable":true,"href":"https:\/\/zonaroja.com.mx\/index.php?rest_route=%2Fwp%2Fv2%2Fcategories&post=64739"},{"taxonomy":"post_tag","embeddable":true,"href":"https:\/\/zonaroja.com.mx\/index.php?rest_route=%2Fwp%2Fv2%2Ftags&post=64739"}],"curies":[{"name":"wp","href":"https:\/\/api.w.org\/{rel}","templated":true}]}}