{"id":64741,"date":"2024-01-29T17:50:23","date_gmt":"2024-01-29T23:50:23","guid":{"rendered":"http:\/\/www.zonaroja.com.mx\/?p=64741"},"modified":"2024-01-29T17:50:24","modified_gmt":"2024-01-29T23:50:24","slug":"y-que-paso-con-los-casos-judiciales-de-punta-colorada-y-la-ex-fabrica-de-triplay","status":"publish","type":"post","link":"https:\/\/zonaroja.com.mx\/?p=64741","title":{"rendered":"\u00bfY qu\u00e9 pas\u00f3 con los casos judiciales de Punta Colorada y la ex f\u00e1brica de triplay?"},"content":{"rendered":"\n<p>Yuridiana Sosa\/Zona Roja.<\/p>\n\n\n\n<p>Oaxaca de Ju\u00e1rez, Oax., 29 enero de 2024.- El gobernador de Oaxaca, Salom\u00f3n Jara Cruz, confirm\u00f3 que el abogado Enrique Toro Ferrer inici\u00f3 un proceso jur\u00eddico para pelear como de su propiedad la ex f\u00e1brica de Triplay y predios de Punta Colorada, Puerto Escondido, por lo que el Estado no se detendr\u00e1 en la &nbsp;defensa de los terrenos ni contra el litigante.<\/p>\n\n\n\n<p>Durante su conferencia semanal, el mandatario aclar\u00f3 que es falso que exista una suspensi\u00f3n ordenada por una autoridad federal contra el decreto de expropiaci\u00f3n de la antigua f\u00e1brica de triplay \u201cNovopan\u201d, en la que el gobierno aplic\u00f3 la Ley de Expropiaci\u00f3n y su recuperaci\u00f3n el 21 de agosto de 2023.<\/p>\n\n\n\n<p>Indic\u00f3 que un ciudadano an\u00f3nimo \u2014que se\u00f1al\u00f3 es Enrique Toro Ferrer\u2014 present\u00f3 una demanda de amparo contra el decreto de expropiaci\u00f3n para la ex f\u00e1brica de triplay, justific\u00e1ndose como propietario de una parte de ese terreno.<\/p>\n\n\n\n<p>Jara Cruz dijo que el 19 de septiembre de 2023 el Juez Cuarto de Distrito desech\u00f3 la demanda por presentarse de manera extempor\u00e1nea.&nbsp;<\/p>\n\n\n\n<p>Pero el &nbsp;promovente interpuso un recurso de queja, y el 19 de enero el Tribunal Colegiado resolvi\u00f3 que, aunque el amparo haya sido presentado de manera extempor\u00e1nea, debe admitirse a tr\u00e1mite la demanda.<\/p>\n\n\n\n<p>DEFENDER\u00c1 PROPIEDADES<\/p>\n\n\n\n<p>El mandatario asever\u00f3 que el Gobierno del Estado no ceder\u00e1 a actos de corrupci\u00f3n, por lo que dar\u00e1 pelea.<\/p>\n\n\n\n<p>Sobre el caso de la ex f\u00e1brica de triplay, precis\u00f3 que est\u00e1n a la espera de ser notificados, y precis\u00f3: \u201c\u00c9ste se\u00f1or ha buscado acordar tanto en este caso como en el de Punta Colorada, dice que en Punta Colorada es due\u00f1o de la mitad. Ya lo estamos investigando\u201d.<\/p>\n\n\n\n<p>Dijo que hasta la fecha ni en la gubernatura, ni en la Consejer\u00eda Jur\u00eddica &nbsp;tienen registro de dichas notificaciones.<\/p>\n\n\n\n<p>Sin embargo, tienen conocimiento que la parte demandante envi\u00f3 supuestamente los documentos por mensajer\u00eda, pero conocieron que pusieron a una persona en la calle para que lo recibiera, pero en realidad, el gobierno no ha recibido nada.<\/p>\n\n\n\n<p>Se\u00f1al\u00f3 que una vez que el abogado, aliados y protegido en otras administraciones estatales, inici\u00f3 estas acciones, el gobierno de Oaxaca ya no se detendr\u00e1.<\/p>\n\n\n\n<p>Agreg\u00f3 que en cuanto tuvieron conocimiento del expediente se rindi\u00f3 el informe justificado, &nbsp;negando los hechos, pues en realidad no hay acto de autoridad ya que jur\u00eddicamente no existe hasta el d\u00eda de hoy ning\u00fan acto.<\/p>\n\n\n\n<p>Lo que existe, dijo, son s\u00f3lo expresiones de la necesidad de desarrollar un proyecto que sirva para atender la demanda de servicios en Puerto Escondido.<\/p>\n\n\n\n<p>La audiencia constitucional est\u00e1 se\u00f1alada para el d\u00eda 2 de febrero, pero dijo que \u201cal negar el acto todas las autoridades, lo procedente es que se sobresea ese juicio, pues no tendr\u00eda materia alguna\u201d.<\/p>\n\n\n\n<p>En ese caso, para este lunes 29 de enero, el gobierno presentar\u00e1 el incidente de nulidad de notificaciones, precis\u00f3 el gobernador.<\/p>\n\n\n\n<p>PUNTA COLORADA<\/p>\n\n\n\n<p>En el caso espec\u00edfico de Punta Colorada, playa virgen en Puerto Escondido, dijo que el Juzgado Sexto de distrito concedi\u00f3 una suspensi\u00f3n definitiva contra actos de autoridad, lo anterior en virtud de que un grupo de ciudadanos presentaron una demanda de amparo contra actos de diversas autoridades, entre las que destacan la Profepa, Semarnat, diferentes dependencias del Gobierno del Estado y el Santa Mar\u00eda Colotepec y San Pedro Mixtepec.<\/p>\n\n\n\n<p>Jara Cruz inform\u00f3 que el supuesto grupo, en el que est\u00e1 Enrique Toro Ferrer, reclama la omisi\u00f3n de verificar, inspeccionar y &nbsp;velar por el derecho humano a un medio ambiente sano.<\/p>\n\n\n\n<p>As\u00ed como por inspecci\u00f3n, autorizaci\u00f3n y visto bueno para el otorgamiento de cualquier permiso, licencia o similares que tengan por objeto permitir el desarrollo de cualquier proceso de construcci\u00f3n en la playa de Punta Colorada, supuestamente en detrimento de la flora y fauna.<\/p>\n\n\n\n<p>\u201cEllos s\u00ed pueden expropiar y quedarse con las tierras y construir, hacer hoteles, viviendas&#8230; hip\u00f3critas porque se amparan en defensa del medio ambiente para hacer esto\u201d, manifest\u00f3 el gobernador.<\/p>\n\n\n\n<p>CONTRA TORO FERRER<\/p>\n\n\n\n<p>El gobernador expres\u00f3: \u201cque se prepare (Toro Ferrer) porque ya nos declar\u00f3 esta pelea legal y la vamos a dar bien\u201d.<\/p>\n\n\n\n<p>En pr\u00f3ximos d\u00edas, abund\u00f3, el gobierno dar\u00e1 a conocer las acciones que ha realizado el abogado Enrique Toro, a quien ya investigan.<\/p>\n\n\n\n<p>\u201cSe tiene que aguantar, porque ha ido a pedir que deje una parte a cambio de esta, que lo ayudemos &nbsp;pero a cambio de esto, \u00bfPor qu\u00e9? ac\u00e1 no permitimos ning\u00fan acto de corrupci\u00f3n\u201d.<\/p>\n\n\n\n<p>\u201cS\u00ed, queremos sanear las aguas negras, queremos trabajar, y no lo va a querer permitir, pero nosotros no nos vamos a quedar de brazos cruzados\u201d, expres\u00f3 durante la conferencia.<\/p>\n","protected":false},"excerpt":{"rendered":"<p>Yuridiana Sosa\/Zona Roja. Oaxaca de Ju\u00e1rez, Oax., 29 enero de 2024.- El gobernador de Oaxaca,&hellip;<\/p>\n","protected":false},"author":2,"featured_media":64742,"comment_status":"closed","ping_status":"open","sticky":false,"template":"","format":"standard","meta":{"_lmt_disableupdate":"","_lmt_disable":"","_jetpack_memberships_contains_paid_content":false,"footnotes":""},"categories":[109,46],"tags":[939],"class_list":["post-64741","post","type-post","status-publish","format-standard","has-post-thumbnail","hentry","category-minuto-a-minuto","category-zona-blanca","tag-salomon-jara-cruz"],"jetpack_featured_media_url":"https:\/\/zonaroja.com.mx\/wp-content\/uploads\/2024\/01\/GOBERNADOR-CONFERENCIA-2.jpg","jetpack_sharing_enabled":true,"_links":{"self":[{"href":"https:\/\/zonaroja.com.mx\/index.php?rest_route=\/wp\/v2\/posts\/64741","targetHints":{"allow":["GET"]}}],"collection":[{"href":"https:\/\/zonaroja.com.mx\/index.php?rest_route=\/wp\/v2\/posts"}],"about":[{"href":"https:\/\/zonaroja.com.mx\/index.php?rest_route=\/wp\/v2\/types\/post"}],"author":[{"embeddable":true,"href":"https:\/\/zonaroja.com.mx\/index.php?rest_route=\/wp\/v2\/users\/2"}],"replies":[{"embeddable":true,"href":"https:\/\/zonaroja.com.mx\/index.php?rest_route=%2Fwp%2Fv2%2Fcomments&post=64741"}],"version-history":[{"count":1,"href":"https:\/\/zonaroja.com.mx\/index.php?rest_route=\/wp\/v2\/posts\/64741\/revisions"}],"predecessor-version":[{"id":64743,"href":"https:\/\/zonaroja.com.mx\/index.php?rest_route=\/wp\/v2\/posts\/64741\/revisions\/64743"}],"wp:featuredmedia":[{"embeddable":true,"href":"https:\/\/zonaroja.com.mx\/index.php?rest_route=\/wp\/v2\/media\/64742"}],"wp:attachment":[{"href":"https:\/\/zonaroja.com.mx\/index.php?rest_route=%2Fwp%2Fv2%2Fmedia&parent=64741"}],"wp:term":[{"taxonomy":"category","embeddable":true,"href":"https:\/\/zonaroja.com.mx\/index.php?rest_route=%2Fwp%2Fv2%2Fcategories&post=64741"},{"taxonomy":"post_tag","embeddable":true,"href":"https:\/\/zonaroja.com.mx\/index.php?rest_route=%2Fwp%2Fv2%2Ftags&post=64741"}],"curies":[{"name":"wp","href":"https:\/\/api.w.org\/{rel}","templated":true}]}}