{"id":64746,"date":"2024-01-29T18:22:54","date_gmt":"2024-01-30T00:22:54","guid":{"rendered":"http:\/\/www.zonaroja.com.mx\/?p=64746"},"modified":"2024-01-29T18:43:07","modified_gmt":"2024-01-30T00:43:07","slug":"matan-a-dos-individuos-en-la-region-del-istmo-de-tehuantepec","status":"publish","type":"post","link":"https:\/\/zonaroja.com.mx\/?p=64746","title":{"rendered":"Matan a dos individuos en la regi\u00f3n del Istmo de Tehuantepec"},"content":{"rendered":"\n<p>Ismael Garc\u00eda M.\/Zona Roja.<\/p>\n\n\n\n<p>Oaxaca de Ju\u00e1rez, Oax., a 29 de enero de 2024.- Dos personas fueron asesinadas a balazos este lunes en la regi\u00f3n del Istmo de Tehuantepec, en hechos diferentes.<\/p>\n\n\n\n<p>El m\u00e1s reciente crimen ocurri\u00f3 esta tarde en el municipio de Santa Mar\u00eda Xadani, cuando un individuo consum\u00eda bebidas embriagantes, en un establecimiento de la calle Vicente Su\u00e1rez, y fue atacado con disparos de arma de fuego.<\/p>\n\n\n\n<p>La v\u00edctima, originaria de Juchit\u00e1n de Zaragoza e identificada como Mario T., muri\u00f3 al instante y los familiares se llevaron de inmediato el cuerpo, lo cual entorpeci\u00f3 las labores del Ministerio P\u00fablico.<\/p>\n\n\n\n<p>EN JUCHIT\u00c1N<\/p>\n\n\n\n<p>Horas antes, en Juchit\u00e1n, fue ultimado a balazos otro individuo, cuando se trasladaba a bordo de su camioneta en la carretera local que comunica al municipio de El Espinal.<\/p>\n\n\n\n<p>Sujetos armados a bordo de otra unidad de motor se le emparej\u00f3 y le dispar\u00f3 de manera directa al conductor, identificado como \u00c1ngel Eduardo L. L., de 59 a\u00f1os de edad, quien muri\u00f3 al instante.<\/p>\n\n\n\n<p>Param\u00e9dicos arribaron a la zona para brindar los primeros auxilios, pero corroboraron que ya no contaba con signos vitales.<\/p>\n\n\n\n<p>En ambos casos, la Vicefiscal\u00eda Regional del Istmo inici\u00f3 las indagatorias correspondientes para dar con el o los responsables de los homicidios.<\/p>\n","protected":false},"excerpt":{"rendered":"<p>Ismael Garc\u00eda M.\/Zona Roja. Oaxaca de Ju\u00e1rez, Oax., a 29 de enero de 2024.- Dos&hellip;<\/p>\n","protected":false},"author":2,"featured_media":64748,"comment_status":"closed","ping_status":"open","sticky":false,"template":"","format":"standard","meta":{"_lmt_disableupdate":"","_lmt_disable":"","_jetpack_memberships_contains_paid_content":false,"footnotes":""},"categories":[109,51],"tags":[123,1296],"class_list":["post-64746","post","type-post","status-publish","format-standard","has-post-thumbnail","hentry","category-minuto-a-minuto","category-zona-roja","tag-juchitan-de-zaragoza","tag-santa-maria-xadani"],"jetpack_featured_media_url":"https:\/\/zonaroja.com.mx\/wp-content\/uploads\/2024\/01\/Ejecutado-Santa-Maria-Xadani.jpg","jetpack_sharing_enabled":true,"_links":{"self":[{"href":"https:\/\/zonaroja.com.mx\/index.php?rest_route=\/wp\/v2\/posts\/64746","targetHints":{"allow":["GET"]}}],"collection":[{"href":"https:\/\/zonaroja.com.mx\/index.php?rest_route=\/wp\/v2\/posts"}],"about":[{"href":"https:\/\/zonaroja.com.mx\/index.php?rest_route=\/wp\/v2\/types\/post"}],"author":[{"embeddable":true,"href":"https:\/\/zonaroja.com.mx\/index.php?rest_route=\/wp\/v2\/users\/2"}],"replies":[{"embeddable":true,"href":"https:\/\/zonaroja.com.mx\/index.php?rest_route=%2Fwp%2Fv2%2Fcomments&post=64746"}],"version-history":[{"count":1,"href":"https:\/\/zonaroja.com.mx\/index.php?rest_route=\/wp\/v2\/posts\/64746\/revisions"}],"predecessor-version":[{"id":64747,"href":"https:\/\/zonaroja.com.mx\/index.php?rest_route=\/wp\/v2\/posts\/64746\/revisions\/64747"}],"wp:featuredmedia":[{"embeddable":true,"href":"https:\/\/zonaroja.com.mx\/index.php?rest_route=\/wp\/v2\/media\/64748"}],"wp:attachment":[{"href":"https:\/\/zonaroja.com.mx\/index.php?rest_route=%2Fwp%2Fv2%2Fmedia&parent=64746"}],"wp:term":[{"taxonomy":"category","embeddable":true,"href":"https:\/\/zonaroja.com.mx\/index.php?rest_route=%2Fwp%2Fv2%2Fcategories&post=64746"},{"taxonomy":"post_tag","embeddable":true,"href":"https:\/\/zonaroja.com.mx\/index.php?rest_route=%2Fwp%2Fv2%2Ftags&post=64746"}],"curies":[{"name":"wp","href":"https:\/\/api.w.org\/{rel}","templated":true}]}}