{"id":64749,"date":"2024-01-29T21:25:24","date_gmt":"2024-01-30T03:25:24","guid":{"rendered":"http:\/\/www.zonaroja.com.mx\/?p=64749"},"modified":"2024-01-29T21:25:27","modified_gmt":"2024-01-30T03:25:27","slug":"vinculan-a-proceso-a-individuo-que-presuntamente-vendia-plazas-en-el-ieepo","status":"publish","type":"post","link":"https:\/\/zonaroja.com.mx\/?p=64749","title":{"rendered":"Vinculan a proceso a individuo que presuntamente vend\u00eda plazas en el IEEPO"},"content":{"rendered":"\n<p>Redacci\u00f3n\/Zona Roja.<\/p>\n\n\n\n<p>Oaxaca de Ju\u00e1rez, Oax., a 29 de enero de 2024.- Los trabajos de inteligencia criminal que realiza la Fiscal\u00eda General del Estado de Oaxaca (FGEO) permitieron la detenci\u00f3n y vinculaci\u00f3n a proceso de una persona identificada como J. L. P., imputado por los delitos de Tr\u00e1fico de Plazas y Falsificaci\u00f3n de Documentos, luego de recibir una denuncia por el probable ofrecimiento de venta de plazas laborales dentro del Gobierno del Estado.<\/p>\n\n\n\n<p>De acuerdo con el expediente penal, en diferentes fechas de mayo de 2023, una persona ofreci\u00f3 a una de las v\u00edctimas, la posibilidad de obtener una plaza laboral en el Instituto Estatal de Educaci\u00f3n p\u00fablica de Oaxaca (IEEPO) si pagaba 250 mil pesos, con un pago inicial de 50 mil y el resto, de forma diferida.<\/p>\n\n\n\n<p>Luego de este primer encuentro, las v\u00edctimas realizaron varios dep\u00f3sitos en diferentes fechas, sin que cumplieran con su parte del trato, por lo que, al reclamar el reembolso de su dinero, el imputado habr\u00eda dicho que la obtenci\u00f3n de las plazas era seguro, entregando documentos que resultaron ap\u00f3crifos.<\/p>\n\n\n\n<p>Ante la situaci\u00f3n, las v\u00edctimas presentaron la denuncia correspondiente, por lo que la FGEO inici\u00f3 las investigaciones que condujeron al hallazgo de la probable comisi\u00f3n de los delitos de Tr\u00e1fico de Plazas y Falsificaci\u00f3n de Documentos, por lo que obtuvo una orden de aprehensi\u00f3n que permiti\u00f3 la detenci\u00f3n del imputado.<\/p>\n\n\n\n<p>Luego de presentar los datos de prueba ante el Juez, este los evalu\u00f3 y dict\u00f3 auto de vinculaci\u00f3n a proceso en contra J. L. P., por lo que impuso la medida cautelar de prisi\u00f3n preventiva justificada, adem\u00e1s que otorg\u00f3 tres meses para el cierre de la investigaci\u00f3n complementaria.<\/p>\n\n\n\n<p>A partir de este caso, la Fiscal\u00eda de Oaxaca dio seguimiento a las investigaciones ministeriales en torno a la venta de plazas, labor que hizo posible detectar que existen al menos una decena de v\u00edctimas de este delito cometido de la misma forma.<\/p>\n","protected":false},"excerpt":{"rendered":"<p>Redacci\u00f3n\/Zona Roja. Oaxaca de Ju\u00e1rez, Oax., a 29 de enero de 2024.- Los trabajos de&hellip;<\/p>\n","protected":false},"author":2,"featured_media":64750,"comment_status":"closed","ping_status":"open","sticky":false,"template":"","format":"standard","meta":{"_lmt_disableupdate":"","_lmt_disable":"","_jetpack_memberships_contains_paid_content":false,"footnotes":""},"categories":[109,46],"tags":[494],"class_list":["post-64749","post","type-post","status-publish","format-standard","has-post-thumbnail","hentry","category-minuto-a-minuto","category-zona-blanca","tag-fiscalia-general-del-estado-de-oaxaca"],"jetpack_featured_media_url":"https:\/\/zonaroja.com.mx\/wp-content\/uploads\/2024\/01\/BOLETIN-566-Fiscalia-de-Oaxaca-obtiene-vinculacion-a-proceso-contra-imputado-por-venta-de-plazas-laborales-en-el-IEEPO.jpeg","jetpack_sharing_enabled":true,"_links":{"self":[{"href":"https:\/\/zonaroja.com.mx\/index.php?rest_route=\/wp\/v2\/posts\/64749","targetHints":{"allow":["GET"]}}],"collection":[{"href":"https:\/\/zonaroja.com.mx\/index.php?rest_route=\/wp\/v2\/posts"}],"about":[{"href":"https:\/\/zonaroja.com.mx\/index.php?rest_route=\/wp\/v2\/types\/post"}],"author":[{"embeddable":true,"href":"https:\/\/zonaroja.com.mx\/index.php?rest_route=\/wp\/v2\/users\/2"}],"replies":[{"embeddable":true,"href":"https:\/\/zonaroja.com.mx\/index.php?rest_route=%2Fwp%2Fv2%2Fcomments&post=64749"}],"version-history":[{"count":1,"href":"https:\/\/zonaroja.com.mx\/index.php?rest_route=\/wp\/v2\/posts\/64749\/revisions"}],"predecessor-version":[{"id":64751,"href":"https:\/\/zonaroja.com.mx\/index.php?rest_route=\/wp\/v2\/posts\/64749\/revisions\/64751"}],"wp:featuredmedia":[{"embeddable":true,"href":"https:\/\/zonaroja.com.mx\/index.php?rest_route=\/wp\/v2\/media\/64750"}],"wp:attachment":[{"href":"https:\/\/zonaroja.com.mx\/index.php?rest_route=%2Fwp%2Fv2%2Fmedia&parent=64749"}],"wp:term":[{"taxonomy":"category","embeddable":true,"href":"https:\/\/zonaroja.com.mx\/index.php?rest_route=%2Fwp%2Fv2%2Fcategories&post=64749"},{"taxonomy":"post_tag","embeddable":true,"href":"https:\/\/zonaroja.com.mx\/index.php?rest_route=%2Fwp%2Fv2%2Ftags&post=64749"}],"curies":[{"name":"wp","href":"https:\/\/api.w.org\/{rel}","templated":true}]}}