{"id":6476,"date":"2019-12-08T14:34:31","date_gmt":"2019-12-08T20:34:31","guid":{"rendered":"https:\/\/www.zonaroja.com.mx\/?p=6476"},"modified":"2019-12-08T14:43:12","modified_gmt":"2019-12-08T20:43:12","slug":"asesinan-a-empresario-y-a-su-esposa-en-centro-historico-de-oaxaca","status":"publish","type":"post","link":"https:\/\/zonaroja.com.mx\/?p=6476","title":{"rendered":"Asesinan a empresario y a su esposa en Centro Hist\u00f3rico de Oaxaca"},"content":{"rendered":"\n<p>Redacci\u00f3n\/Zona Roja<\/p>\n\n\n\n<p>Oaxaca de Ju\u00e1rez, Oax., 8 de diciembre de 2019.- Personas desconocidas asesinaron a balazos al empresario Juan O. M., de 90 a\u00f1os de edad, y a su esposa Mar\u00eda Concepci\u00f3n H. M., de 80 a\u00f1os, en su domicilio ubicado en la tercera calle de J. P. Garc\u00eda, Centro Hist\u00f3rico en la de la ciudad de Oaxaca.<\/p>\n\n\n\n<p>Minutos antes de las 10:00 horas de este domingo, reportaron que dos personas fueron atacadas en la vivienda y resultaron heridas.<\/p>\n\n\n\n<p><div class=\"twitter-tweet\"><blockquote class=\"twitter-tweet\" data-lang=\"es\"><p lang=\"es\" dir=\"ltr\"><a href=\"https:\/\/twitter.com\/hashtag\/OaxacaRojo?src=hash&amp;ref_src=twsrc%5Etfw\">#OaxacaRojo<\/a><br>Como Mar\u00eda Concepci\u00f3n H. M., de 80 a\u00f1os de edad, y su esposo Juan O. M., de 90 a\u00f1os, fueron identificadas de manera preliminar las personas asesinadas a balazos la ma\u00f1ana de hoy en un domicilio del Centro Hist\u00f3rico de la ciudad de Oaxaca. No hay detenidos. <a href=\"https:\/\/t.co\/2FBIeeDi3c\">pic.twitter.com\/2FBIeeDi3c<\/a><\/p>&mdash; Zona Roja Oaxaca (@MexRoja) <a href=\"https:\/\/twitter.com\/MexRoja\/status\/1203747052833951746?ref_src=twsrc%5Etfw\">8 de diciembre de 2019<\/a><\/blockquote><\/div><\/p>\n\n\n\n<p><br \/>La hija del empresario, L.O.H., de 42 a\u00f1os de edad, lleg\u00f3 al domicilio y encontr\u00f3 a sus padres en un charco de sangre, por lo cual arribaron param\u00e9dicos de la Cruz Roja y confirmaron el deceso de ambos.<\/p>\n\n\n\n<p>Al lugar llegaron elementos de las corporaciones polic\u00edacas para acordonar la zona y pidieron la intervenci\u00f3n del personal de la Fiscal\u00eda General del estado.<\/p>\n\n\n\n<p>Las calles cercanas al domicilio fueron cerradas a la circulaci\u00f3n, mientras realizaron diligencias en el inmueble. La polic\u00eda investiga si el m\u00f3vil fue robo.<\/p>\n\n\n\n<p>Juan O. M. era empresario de la compa\u00f1\u00eda Fletes y Pasajes y padre de los tranportistas de la empresa Ortiz en el centro de la ciudad de Oaxaca .<\/p>\n","protected":false},"excerpt":{"rendered":"<p>Redacci\u00f3n\/Zona Roja Oaxaca de Ju\u00e1rez, Oax., 8 de diciembre de 2019.- Personas desconocidas asesinaron a&hellip;<\/p>\n","protected":false},"author":2,"featured_media":0,"comment_status":"closed","ping_status":"open","sticky":false,"template":"","format":"standard","meta":{"_lmt_disableupdate":"","_lmt_disable":"","_jetpack_memberships_contains_paid_content":false,"footnotes":""},"categories":[109,51],"tags":[148],"class_list":["post-6476","post","type-post","status-publish","format-standard","hentry","category-minuto-a-minuto","category-zona-roja","tag-oaxaca-de-juarez"],"jetpack_featured_media_url":"","jetpack_sharing_enabled":true,"_links":{"self":[{"href":"https:\/\/zonaroja.com.mx\/index.php?rest_route=\/wp\/v2\/posts\/6476","targetHints":{"allow":["GET"]}}],"collection":[{"href":"https:\/\/zonaroja.com.mx\/index.php?rest_route=\/wp\/v2\/posts"}],"about":[{"href":"https:\/\/zonaroja.com.mx\/index.php?rest_route=\/wp\/v2\/types\/post"}],"author":[{"embeddable":true,"href":"https:\/\/zonaroja.com.mx\/index.php?rest_route=\/wp\/v2\/users\/2"}],"replies":[{"embeddable":true,"href":"https:\/\/zonaroja.com.mx\/index.php?rest_route=%2Fwp%2Fv2%2Fcomments&post=6476"}],"version-history":[{"count":2,"href":"https:\/\/zonaroja.com.mx\/index.php?rest_route=\/wp\/v2\/posts\/6476\/revisions"}],"predecessor-version":[{"id":6478,"href":"https:\/\/zonaroja.com.mx\/index.php?rest_route=\/wp\/v2\/posts\/6476\/revisions\/6478"}],"wp:attachment":[{"href":"https:\/\/zonaroja.com.mx\/index.php?rest_route=%2Fwp%2Fv2%2Fmedia&parent=6476"}],"wp:term":[{"taxonomy":"category","embeddable":true,"href":"https:\/\/zonaroja.com.mx\/index.php?rest_route=%2Fwp%2Fv2%2Fcategories&post=6476"},{"taxonomy":"post_tag","embeddable":true,"href":"https:\/\/zonaroja.com.mx\/index.php?rest_route=%2Fwp%2Fv2%2Ftags&post=6476"}],"curies":[{"name":"wp","href":"https:\/\/api.w.org\/{rel}","templated":true}]}}