{"id":64761,"date":"2024-01-30T10:30:00","date_gmt":"2024-01-30T16:30:00","guid":{"rendered":"http:\/\/www.zonaroja.com.mx\/?p=64761"},"modified":"2024-01-30T07:32:33","modified_gmt":"2024-01-30T13:32:33","slug":"dice-gobierno-de-amlo-que-fue-ex-trabajador-que-sustrajo-datos-de-periodistas","status":"publish","type":"post","link":"https:\/\/zonaroja.com.mx\/?p=64761","title":{"rendered":"Dice gobierno de AMLO que fue ex trabajador que sustrajo datos de periodistas"},"content":{"rendered":"\n<p>Redacci\u00f3n\/Zona Roja Cdmx.<\/p>\n\n\n\n<p>Ciudad de M\u00e9xico, a 30 de enero de 2024.- El gobierno federal precis\u00f3 anoche que no se trat\u00f3 de una filtraci\u00f3n, sino de una sustracci\u00f3n de los datos \u00abparcial\u00bb, pues afect\u00f3 a 263 periodistas de 309 registrados en la base de datos, y que no se realiz\u00f3 mediante un hackeo inform\u00e1tico, sino utilizando una cuenta leg\u00edtima.<\/p>\n\n\n\n<p>\u00abSe utiliz\u00f3 una cuenta de usuario que ya no trabaja aqu\u00ed para extraer ilegalmente estos documentos (&#8230;) Se identific\u00f3 que el acceso a la aplicaci\u00f3n durante la extracci\u00f3n fue desde direcciones IP registradas en Espa\u00f1a\u00bb, explic\u00f3 el coordinador de estrategia digital de la Presidencia, Emiliano Calder\u00f3n, en conferencia de prensa.<\/p>\n\n\n\n<p>Entre los documentos extra\u00eddos y difundidos en la red hay 186 credenciales del Instituto Nacional Electoral (INE), que incluyen la direcci\u00f3n de sus titulares; 63 pasaportes, 10 documentos migratorios, una licencia de conducir estadounidense, dos curr\u00edculums, otro pasaporte con informaci\u00f3n ilegible y cuatro fotograf\u00edas sin datos ni identificaci\u00f3n, detall\u00f3 el coordinador de comunicaci\u00f3n de Presidencia, Jes\u00fas Ram\u00edrez.<\/p>\n\n\n\n<p>Las autoridades federales indicaron que el paquete de documentos data de 2022 y fue sustra\u00eddo de un servidor de \u00abpreproducci\u00f3n\u00bb, que se utiliza para labores previas a su traslado al sistema de producci\u00f3n final de las acreditaciones de los periodistas que suelen cubrir las conferencias matutinas del presidente L\u00f3pez Obrador.<\/p>\n\n\n\n<p>El gobierno presentar\u00e1 denuncias penales contra los autores del robo inform\u00e1tico, dijo por su parte la secretaria de Gobernaci\u00f3n, Luisa Mar\u00eda Alcalde, quien puso tambi\u00e9n a disposici\u00f3n de los periodistas afectados \u00abque se sientan amenazados\u00bb o \u00aben riesgo\u00bb un mecanismo de protecci\u00f3n administrado por su despacho.<\/p>\n\n\n\n<p>SIN ESCR\u00daPULOS<\/p>\n\n\n\n<p>La Sociedad Interamericana de Prensa (SIP) manifest\u00f3 este lunes estar \u00abalarmada\u00bb por la filtraci\u00f3n de los datos y reclam\u00f3 \u00abuna investigaci\u00f3n oportuna para deslindar responsabilidades\u00bb, en un comunicado.<\/p>\n\n\n\n<p>L\u00f3pez Obrador mencion\u00f3 la entrega de un informe al Instituto Nacional de Transparencia, Acceso a la Informaci\u00f3n y Protecci\u00f3n de Datos Personales (Inai).<\/p>\n\n\n\n<p>El Inai indic\u00f3 el domingo por la noche que se quedaba \u00abatento a se\u00f1alamientos de periodistas por presunta filtraci\u00f3n de sus datos personales\u00bb y comparti\u00f3 un formulario de denuncia.<\/p>\n\n\n\n<p>L\u00f3pez Obrador ha criticado al Inai y anunci\u00f3 una reforma constitucional para que deje de existir, junto con otros \u00f3rganos similares, alegando que \u00abno sirven para nada\u00bb.<\/p>\n\n\n\n<p>\u00abEs guerra sucia, es espionaje\u00bb, prosigui\u00f3 el presidente sobre el tema de la filtraci\u00f3n, culpando una vez m\u00e1s a sus adversarios a pocos meses de las elecciones presidenciales del 2 de junio.<\/p>\n\n\n\n<p>\u00abSon los mismos, gente sin escr\u00fapulos morales\u00bb, coment\u00f3.<\/p>\n\n\n\n<p>El mandatario reconoci\u00f3 que \u00abs\u00ed fall\u00f3 la seguridad\u00bb, pero insisti\u00f3 en culpar a sus opositores. \u00abTienen mucho dinero y pueden contratar a los delincuentes de m\u00e1s especialidad en el mundo\u00bb, afirm\u00f3.<\/p>\n\n\n\n<p>La difusi\u00f3n de esos datos busca \u00absembrar la idea de que nosotros censuramos, somos dictadores\u00bb, se\u00f1al\u00f3 L\u00f3pez Obrador como hip\u00f3tesis.<\/p>\n\n\n\n<p>El viernes, V\u00edctor Ruiz, fundador de la firma de seguridad cibern\u00e9tica Silikn, denunci\u00f3 en la red social X la \u00abfiltraci\u00f3n\u00bb de los nombres y datos personales los periodistas.<\/p>\n\n\n\n<p>En esa lista la AFP ha identificado a varios de sus periodistas, que han sido acreditados ante el gobierno de L\u00f3pez Obrador en 2021.<\/p>\n\n\n\n<p>M\u00e9xico es considerado uno de los pa\u00edses m\u00e1s peligrosos del mundo para ejercer el periodismo, seg\u00fan diversas organizaciones de protecci\u00f3n a reporteros.<\/p>\n\n\n\n<p>Al menos 43 periodistas han sido asesinados en M\u00e9xico desde que L\u00f3pez Obrador asumi\u00f3 el cargo en diciembre del 2018, seg\u00fan la ONG Article 19.<\/p>\n\n\n\n<p>(Informaci\u00f3n de \u201cEl Economista\u201d)<\/p>\n","protected":false},"excerpt":{"rendered":"<p>Redacci\u00f3n\/Zona Roja Cdmx. Ciudad de M\u00e9xico, a 30 de enero de 2024.- El gobierno federal&hellip;<\/p>\n","protected":false},"author":2,"featured_media":64762,"comment_status":"closed","ping_status":"open","sticky":false,"template":"","format":"standard","meta":{"_lmt_disableupdate":"","_lmt_disable":"","_jetpack_memberships_contains_paid_content":false,"footnotes":""},"categories":[109,47],"tags":[143],"class_list":["post-64761","post","type-post","status-publish","format-standard","has-post-thumbnail","hentry","category-minuto-a-minuto","category-zona-gris","tag-andres-manuel-lopez-obrador"],"jetpack_featured_media_url":"https:\/\/zonaroja.com.mx\/wp-content\/uploads\/2024\/01\/Periodistas-conferencia-AMLO.webp","jetpack_sharing_enabled":true,"_links":{"self":[{"href":"https:\/\/zonaroja.com.mx\/index.php?rest_route=\/wp\/v2\/posts\/64761","targetHints":{"allow":["GET"]}}],"collection":[{"href":"https:\/\/zonaroja.com.mx\/index.php?rest_route=\/wp\/v2\/posts"}],"about":[{"href":"https:\/\/zonaroja.com.mx\/index.php?rest_route=\/wp\/v2\/types\/post"}],"author":[{"embeddable":true,"href":"https:\/\/zonaroja.com.mx\/index.php?rest_route=\/wp\/v2\/users\/2"}],"replies":[{"embeddable":true,"href":"https:\/\/zonaroja.com.mx\/index.php?rest_route=%2Fwp%2Fv2%2Fcomments&post=64761"}],"version-history":[{"count":1,"href":"https:\/\/zonaroja.com.mx\/index.php?rest_route=\/wp\/v2\/posts\/64761\/revisions"}],"predecessor-version":[{"id":64763,"href":"https:\/\/zonaroja.com.mx\/index.php?rest_route=\/wp\/v2\/posts\/64761\/revisions\/64763"}],"wp:featuredmedia":[{"embeddable":true,"href":"https:\/\/zonaroja.com.mx\/index.php?rest_route=\/wp\/v2\/media\/64762"}],"wp:attachment":[{"href":"https:\/\/zonaroja.com.mx\/index.php?rest_route=%2Fwp%2Fv2%2Fmedia&parent=64761"}],"wp:term":[{"taxonomy":"category","embeddable":true,"href":"https:\/\/zonaroja.com.mx\/index.php?rest_route=%2Fwp%2Fv2%2Fcategories&post=64761"},{"taxonomy":"post_tag","embeddable":true,"href":"https:\/\/zonaroja.com.mx\/index.php?rest_route=%2Fwp%2Fv2%2Ftags&post=64761"}],"curies":[{"name":"wp","href":"https:\/\/api.w.org\/{rel}","templated":true}]}}